{"id":26995,"date":"2023-07-27T13:06:30","date_gmt":"2023-07-27T11:06:30","guid":{"rendered":"https:\/\/bisbalpenedes.com\/web\/?p=26995"},"modified":"2023-07-27T13:06:30","modified_gmt":"2023-07-27T11:06:30","slug":"lalcaldessa-i-el-regidor-de-festes-es-reuneixen-amb-els-castellers-de-vilafranca-per-preparar-la-diada-castellera-del-15-dagost","status":"publish","type":"post","link":"https:\/\/bisbalpenedes.com\/web\/2023\/07\/27\/lalcaldessa-i-el-regidor-de-festes-es-reuneixen-amb-els-castellers-de-vilafranca-per-preparar-la-diada-castellera-del-15-dagost\/","title":{"rendered":"L&#8217;alcaldessa i el regidor de Festes es reuneixen amb els Castellers de Vilafranca per preparar la diada castellera del 15 d&#8217;agost"},"content":{"rendered":"\n<p>L\u2019alcaldessa de la Bisbal del Pened\u00e8s, Agn\u00e8s Ferr\u00e9; i el regidor de Festes, Feliu Gil; continuen preparant la diada castellera del 15 d\u2019agost. El passat dijous van anar a Cal Figarot i es van reunir amb el president dels Castellers de Vilafranca, Carles Mata; i amb el cap de colla, Sisco Benet; per parlar de la diada castellera del proper 15 d\u2019agost.<\/p>\n\n\n\n<hr class=\"wp-block-separator has-alpha-channel-opacity\"\/>\n\n\n\n<p>La alcaldesa de la Bisbal del Pened\u00e8s, Agn\u00e8s Ferr\u00e9; y el concejal de Fiestas, Feliu Gil; siguen preparando la diada castellera del 15 de agosto. El pasado jueves fueron a Cal Figarot y se reunieron con el presidente de los Castellers de Vilafranca, Carles Mata; y con el \u2018cap\u2019 de colla, Sisco Benet; para hablar de la diada castellera del pr\u00f3ximo 15 de agosto.<\/p>\n","protected":false},"excerpt":{"rendered":"<p>L\u2019alcaldessa de la Bisbal del Pened\u00e8s, Agn\u00e8s Ferr\u00e9; i el regidor de Festes, Feliu Gil; continuen preparant la diada castellera del 15 d\u2019agost. El passat dijous van anar a Cal &hellip; <a href=\"https:\/\/bisbalpenedes.com\/web\/2023\/07\/27\/lalcaldessa-i-el-regidor-de-festes-es-reuneixen-amb-els-castellers-de-vilafranca-per-preparar-la-diada-castellera-del-15-dagost\/\" class=\"more-link\">Read More<\/a><\/p>\n","protected":false},"author":4,"featured_media":26996,"comment_status":"closed","ping_status":"closed","sticky":false,"template":"","format":"standard","meta":[],"categories":[2057,4668,8],"tags":[459,6136,377,379,667,691,393],"_links":{"self":[{"href":"https:\/\/bisbalpenedes.com\/web\/wp-json\/wp\/v2\/posts\/26995"}],"collection":[{"href":"https:\/\/bisbalpenedes.com\/web\/wp-json\/wp\/v2\/posts"}],"about":[{"href":"https:\/\/bisbalpenedes.com\/web\/wp-json\/wp\/v2\/types\/post"}],"author":[{"embeddable":true,"href":"https:\/\/bisbalpenedes.com\/web\/wp-json\/wp\/v2\/users\/4"}],"replies":[{"embeddable":true,"href":"https:\/\/bisbalpenedes.com\/web\/wp-json\/wp\/v2\/comments?post=26995"}],"version-history":[{"count":1,"href":"https:\/\/bisbalpenedes.com\/web\/wp-json\/wp\/v2\/posts\/26995\/revisions"}],"predecessor-version":[{"id":26997,"href":"https:\/\/bisbalpenedes.com\/web\/wp-json\/wp\/v2\/posts\/26995\/revisions\/26997"}],"wp:featuredmedia":[{"embeddable":true,"href":"https:\/\/bisbalpenedes.com\/web\/wp-json\/wp\/v2\/media\/26996"}],"wp:attachment":[{"href":"https:\/\/bisbalpenedes.com\/web\/wp-json\/wp\/v2\/media?parent=26995"}],"wp:term":[{"taxonomy":"category","embeddable":true,"href":"https:\/\/bisbalpenedes.com\/web\/wp-json\/wp\/v2\/categories?post=26995"},{"taxonomy":"post_tag","embeddable":true,"href":"https:\/\/bisbalpenedes.com\/web\/wp-json\/wp\/v2\/tags?post=26995"}],"curies":[{"name":"wp","href":"https:\/\/api.w.org\/{rel}","templated":true}]}}