{"id":26987,"date":"2023-07-26T11:28:43","date_gmt":"2023-07-26T09:28:43","guid":{"rendered":"https:\/\/bisbalpenedes.com\/web\/?p=26987"},"modified":"2023-07-26T11:28:43","modified_gmt":"2023-07-26T09:28:43","slug":"les-5-persones-candidates-a-ocupar-els-llocs-de-feina-de-la-neteja-dedificis-municipals-han-pres-possessio-de-les-places","status":"publish","type":"post","link":"https:\/\/bisbalpenedes.com\/web\/2023\/07\/26\/les-5-persones-candidates-a-ocupar-els-llocs-de-feina-de-la-neteja-dedificis-municipals-han-pres-possessio-de-les-places\/","title":{"rendered":"<strong>Les 5 persones candidates a ocupar els llocs de feina de la neteja d\u2019edificis municipals han pres possessi\u00f3 de les places<\/strong>"},"content":{"rendered":"\n<p>L\u2019Ajuntament de la Bisbal del Pened\u00e8s, en el marc del proc\u00e9s d\u2019estabilitzaci\u00f3, va treure a concurs cinc places de pe\u00f3 de neteja, una a temps complet i quatre a temps parcial.<\/p>\n\n\n\n<p>El passat 1 de maig de 2023, la Sra. Maite Ferr\u00e1ndiz va prendre possessi\u00f3 de la pla\u00e7a de pe\u00f3 de neteja en r\u00e8gim laboral fix, a temps complet, per concurs. Les quatre persones candidates a ocupar les places de pe\u00f3 de neteja, en r\u00e8gim laboral fix i a temps parcial, per concurs-oposici\u00f3, van prendre possessi\u00f3 el dia 1 de juliol de la seva pla\u00e7a. S\u00f3n la Matilde G\u00f3mez, la Neus Roura, l\u2019Esther Meg\u00edas i la Mar\u00eda Trinidad Talavera.<\/p>\n\n\n\n<hr class=\"wp-block-separator has-alpha-channel-opacity\"\/>\n\n\n\n<p><strong>CASTELLANO |<\/strong> El Ayuntamiento de la Bisbal del Pened\u00e8s, en el marco del proceso de estabilizaci\u00f3n, sac\u00f3 a concurso cinco plazas de pe\u00f3n de limpieza, una a tiempo completo y cuatro a tiempo parcial.<\/p>\n\n\n\n<p>El pasado 1 de mayo de 2023, la Sra. Maite Ferr\u00e1ndiz tom\u00f3 posesi\u00f3n de la plaza de pe\u00f3n de limpieza en r\u00e9gimen laboral fijo, a tiempo completo, por concurso. Las cuatro personas candidatas a ocupar las plazas de pe\u00f3n de limpieza, en r\u00e9gimen laboral fijo y a tiempo parcial, por concurso oposici\u00f3n, tomaron posesi\u00f3n el d\u00eda 1 de julio de su plaza. Son Matilde G\u00f3mez, Neus Roura, Esther Meg\u00edas y Mar\u00eda Trinidad Talavera.<\/p>\n","protected":false},"excerpt":{"rendered":"<p>L\u2019Ajuntament de la Bisbal del Pened\u00e8s, en el marc del proc\u00e9s d\u2019estabilitzaci\u00f3, va treure a concurs cinc places de pe\u00f3 de neteja, una a temps complet i quatre a temps &hellip; <a href=\"https:\/\/bisbalpenedes.com\/web\/2023\/07\/26\/les-5-persones-candidates-a-ocupar-els-llocs-de-feina-de-la-neteja-dedificis-municipals-han-pres-possessio-de-les-places\/\" class=\"more-link\">Read More<\/a><\/p>\n","protected":false},"author":4,"featured_media":26988,"comment_status":"closed","ping_status":"closed","sticky":false,"template":"","format":"standard","meta":[],"categories":[2402,8],"tags":[459,154,5699,393,361,5646,1834],"_links":{"self":[{"href":"https:\/\/bisbalpenedes.com\/web\/wp-json\/wp\/v2\/posts\/26987"}],"collection":[{"href":"https:\/\/bisbalpenedes.com\/web\/wp-json\/wp\/v2\/posts"}],"about":[{"href":"https:\/\/bisbalpenedes.com\/web\/wp-json\/wp\/v2\/types\/post"}],"author":[{"embeddable":true,"href":"https:\/\/bisbalpenedes.com\/web\/wp-json\/wp\/v2\/users\/4"}],"replies":[{"embeddable":true,"href":"https:\/\/bisbalpenedes.com\/web\/wp-json\/wp\/v2\/comments?post=26987"}],"version-history":[{"count":1,"href":"https:\/\/bisbalpenedes.com\/web\/wp-json\/wp\/v2\/posts\/26987\/revisions"}],"predecessor-version":[{"id":26989,"href":"https:\/\/bisbalpenedes.com\/web\/wp-json\/wp\/v2\/posts\/26987\/revisions\/26989"}],"wp:featuredmedia":[{"embeddable":true,"href":"https:\/\/bisbalpenedes.com\/web\/wp-json\/wp\/v2\/media\/26988"}],"wp:attachment":[{"href":"https:\/\/bisbalpenedes.com\/web\/wp-json\/wp\/v2\/media?parent=26987"}],"wp:term":[{"taxonomy":"category","embeddable":true,"href":"https:\/\/bisbalpenedes.com\/web\/wp-json\/wp\/v2\/categories?post=26987"},{"taxonomy":"post_tag","embeddable":true,"href":"https:\/\/bisbalpenedes.com\/web\/wp-json\/wp\/v2\/tags?post=26987"}],"curies":[{"name":"wp","href":"https:\/\/api.w.org\/{rel}","templated":true}]}}