{"id":26983,"date":"2023-07-26T11:11:50","date_gmt":"2023-07-26T09:11:50","guid":{"rendered":"https:\/\/bisbalpenedes.com\/web\/?p=26983"},"modified":"2023-07-26T11:11:50","modified_gmt":"2023-07-26T09:11:50","slug":"lalcaldessa-i-el-regidor-de-sanitat-es-reuneixen-amb-la-presidenta-i-el-coordinador-de-creu-roja-baix-penedes","status":"publish","type":"post","link":"https:\/\/bisbalpenedes.com\/web\/2023\/07\/26\/lalcaldessa-i-el-regidor-de-sanitat-es-reuneixen-amb-la-presidenta-i-el-coordinador-de-creu-roja-baix-penedes\/","title":{"rendered":"L&#8217;alcaldessa i el regidor de Sanitat es reuneixen amb la presidenta i el coordinador de Creu Roja Baix Pened\u00e8s"},"content":{"rendered":"\n<p>El passat 18 de juliol, l\u2019alcaldessa Agn\u00e8s Ferr\u00e9 i el regidor de Sanitat, Feliu Gil, van reunir-se amb la nova presidenta de la Creu Roja del Baix Pened\u00e8s, Ros Ense\u00f1at, i el coordinador de Creu Roja al Baix Pened\u00e8s, David Pulles Garc\u00eda. La reuni\u00f3 va servir per fer un rep\u00e0s als serveis que presten des de la Creu Roja i sobretot per abordar q\u00fcestions relacionades amb l\u2019\u00e0mbit de serveis socials. Per aix\u00f2, passat l\u2019estiu es far\u00e0 una altra reuni\u00f3 amb el regidor de Serveis Socials i la regidora de la Gent Gran amb l\u2019objectiu de parlar de possibles col\u00b7laboracions entre la Creu Roja i l\u2019Ajuntament en aquestes \u00e0rees i de la possibilitat d\u2019ampliar i millorar els serveis que s\u2019ofereixen des de l\u2019Ajuntament.<\/p>\n\n\n\n<hr class=\"wp-block-separator has-alpha-channel-opacity\"\/>\n\n\n\n<p><strong>CASTELLANO |&nbsp;<\/strong>El pasado 18 de julio, la alcaldesa Agn\u00e8s Ferr\u00e9 y el concejal de Sanidad, Feliu Gil, se reunieron con la nueva presidenta de la Creu Roja del Baix Pened\u00e8s, Ros Ense\u00f1at, y el coordinador de la Creu Roja al Baix Pened\u00e8s, David Pulles Garc\u00eda. La reuni\u00f3n sirvi\u00f3 para hacer un repaso de los servicios que prestan desde la Creu Roja y sobre todo para bordar cuestiones relacionadas con el \u00e1mbito de servicios sociales. Por este motivo, pasado el verano se har\u00e1 otra reuni\u00f3n con el concejal de Servicios Sociales y la concejala de la Gente Mayor con el objetivo de hablar de posibles colaboraciones entre la Creu Roja y el Ayuntamiento en estas \u00e1reas y de la posibilidad de ampliar y mejorar los servicios que se ofrecen desde el Ayuntamiento.<\/p>\n","protected":false},"excerpt":{"rendered":"<p>El passat 18 de juliol, l\u2019alcaldessa Agn\u00e8s Ferr\u00e9 i el regidor de Sanitat, Feliu Gil, van reunir-se amb la nova presidenta de la Creu Roja del Baix Pened\u00e8s, Ros Ense\u00f1at, &hellip; <a href=\"https:\/\/bisbalpenedes.com\/web\/2023\/07\/26\/lalcaldessa-i-el-regidor-de-sanitat-es-reuneixen-amb-la-presidenta-i-el-coordinador-de-creu-roja-baix-penedes\/\" class=\"more-link\">Read More<\/a><\/p>\n","protected":false},"author":4,"featured_media":26984,"comment_status":"closed","ping_status":"closed","sticky":false,"template":"","format":"standard","meta":[],"categories":[8,14],"tags":[459,6134,305,393,145,28,268],"_links":{"self":[{"href":"https:\/\/bisbalpenedes.com\/web\/wp-json\/wp\/v2\/posts\/26983"}],"collection":[{"href":"https:\/\/bisbalpenedes.com\/web\/wp-json\/wp\/v2\/posts"}],"about":[{"href":"https:\/\/bisbalpenedes.com\/web\/wp-json\/wp\/v2\/types\/post"}],"author":[{"embeddable":true,"href":"https:\/\/bisbalpenedes.com\/web\/wp-json\/wp\/v2\/users\/4"}],"replies":[{"embeddable":true,"href":"https:\/\/bisbalpenedes.com\/web\/wp-json\/wp\/v2\/comments?post=26983"}],"version-history":[{"count":1,"href":"https:\/\/bisbalpenedes.com\/web\/wp-json\/wp\/v2\/posts\/26983\/revisions"}],"predecessor-version":[{"id":26985,"href":"https:\/\/bisbalpenedes.com\/web\/wp-json\/wp\/v2\/posts\/26983\/revisions\/26985"}],"wp:featuredmedia":[{"embeddable":true,"href":"https:\/\/bisbalpenedes.com\/web\/wp-json\/wp\/v2\/media\/26984"}],"wp:attachment":[{"href":"https:\/\/bisbalpenedes.com\/web\/wp-json\/wp\/v2\/media?parent=26983"}],"wp:term":[{"taxonomy":"category","embeddable":true,"href":"https:\/\/bisbalpenedes.com\/web\/wp-json\/wp\/v2\/categories?post=26983"},{"taxonomy":"post_tag","embeddable":true,"href":"https:\/\/bisbalpenedes.com\/web\/wp-json\/wp\/v2\/tags?post=26983"}],"curies":[{"name":"wp","href":"https:\/\/api.w.org\/{rel}","templated":true}]}}