{"id":26940,"date":"2023-07-25T09:10:40","date_gmt":"2023-07-25T07:10:40","guid":{"rendered":"https:\/\/bisbalpenedes.com\/web\/?p=26940"},"modified":"2023-07-26T13:11:50","modified_gmt":"2023-07-26T11:11:50","slug":"properament-sobrira-la-convocatoria-de-subvencions-escolars-de-primaria-per-al-curs-2022-23-llibres-menjador-i-transport-escolar","status":"publish","type":"post","link":"https:\/\/bisbalpenedes.com\/web\/2023\/07\/25\/properament-sobrira-la-convocatoria-de-subvencions-escolars-de-primaria-per-al-curs-2022-23-llibres-menjador-i-transport-escolar\/","title":{"rendered":"<strong>Properament s\u2019obrir\u00e0 la convocat\u00f2ria de subvencions escolars de prim\u00e0ria per al curs 2022\/23: llibres, menjador i transport escolar<\/strong>"},"content":{"rendered":"\n<p>La Junta de govern del 24 de juliol ha aprovat la convocat\u00f2ria de subvencions escolars de prim\u00e0ria per al curs 2022\/2023: llibres de l\u2019escola Ull de Vent en el marc de la socialitzaci\u00f3, menjador escolar i transport escolar. Quan aquesta surti publicada al BOPT, ja es podran cursar les sol\u00b7licituds. L\u2019import m\u00e0xim de la subvenci\u00f3 ser\u00e0 de 500\u20ac per alumne i caldr\u00e0 presentar la seg\u00fcent documentaci\u00f3:<\/p>\n\n\n\n<ul><li>DNI o NIE de les mares i\/o els pares (o els\/les tutors\/es legals) i dels\/les alumnes.<\/li><li>Llibre de Fam\u00edlia<\/li><li>Certificat de l\u2019entitat banc\u00e0ria on es faci constar el n\u00famero de compte i la titularitat del\/s sol\u00b7licitant\/s.<\/li><li>Factura original o fotoc\u00f2pia compulsada de:<\/li><\/ul>\n\n\n\n<div class=\"wp-container-1 wp-block-group\"><div class=\"wp-block-group__inner-container\">\n<p class=\"has-text-align-right\">          *la compra dels llibres de text i fitxes d\u2019infantil i de prim\u00e0ria de l\u2019escola Ull de vent, a trav\u00e9s del programa de socialitzaci\u00f3 de llibres<\/p>\n\n\n\n<p class=\"has-text-align-right\">          *l\u2019\u00fas del transport escolar intramunicipal del Consell Comarcal del Baix Pened\u00e8s<\/p>\n\n\n\n<p class=\"has-text-align-right\">          *l\u2019\u00fas del servei de menjador escolar<\/p>\n<\/div><\/div>\n\n\n\n<ul><li>Comprovant de pagament de les factures.<\/li><\/ul>\n\n\n\n<p>Cal tenir en compte que, per obtenir la subvenci\u00f3, cal complir els seg\u00fcents requisits:<\/p>\n\n\n\n<ul><li>Estar empadronats\/des a la Bisbal del Pened\u00e8s<\/li><li>Estar matriculats\/des els\/les alumnes a l\u2019escola Ull de Vent el curs 2022\/23<\/li><li>Fer la compra dels llibres a trav\u00e9s del programa de socialitzaci\u00f3 de llibres.<\/li><li>No ser deutors\/es davant de la Tresoreria General de la Seguretat Social (TGSS), l\u2019Ag\u00e8ncia Estatal d\u2019Administraci\u00f3 Tribut\u00e0ria (AEAT), l\u2019Ag\u00e8ncia Tribut\u00e0ria de Catalunya (ATC), i l\u2019Ajuntament de la Bisbal del Pened\u00e8s.<\/li><li>No haver estat sancionats\/des amb resoluci\u00f3 ferma amb la p\u00e8rdua de la possibilitat d\u2019obtenir subvencions<\/li><\/ul>\n\n\n\n<p>L\u2019Ajuntament de la Bisbal del Pened\u00e8s, despr\u00e9s de l\u2019aprovaci\u00f3 a la Junta de Govern, ha fet arribar la convocat\u00f2ria de les subvencions a la Base de Dades Nacional de Subvencions (BDNS) perqu\u00e8 sigui publicada al Butllet\u00ed Oficial de la Prov\u00edncia de Tarragona (BOPT). Una vegada es publiqui al butllet\u00ed, comen\u00e7ar\u00e0 el termini per presentar sol\u00b7licituds a la convocat\u00f2ria. Des de l\u2019Ajuntament de la Bisbal del Pened\u00e8s informarem de l\u2019obertura del termini a trav\u00e9s dels mitjans habituals de comunicaci\u00f3 amb la ciutadania.<\/p>\n\n\n\n<hr class=\"wp-block-separator has-alpha-channel-opacity\"\/>\n\n\n\n<p><strong>CASTELLANO |<\/strong> La Junta de gobierno del 24 de julio ha aprobado la convocatoria de subvenciones escolares de primaria para el curso 2022\/2023: libros de la escuela Ull de Vent en el marco de la socializaci\u00f3n, comedor escolar y transporte escolar. En cuanto esta salga publicada en el BOPT, ya se podr\u00e1n cursar las solicitudes. El importe m\u00e1ximo de la subvenci\u00f3n ser\u00e1 de 500\u20ac por alumno y ser\u00e1 necesario presentar la siguiente documentaci\u00f3n:<\/p>\n\n\n\n<ul><li>DNI o NIE de las madres y\/o los padres (o los\/las tutores\/as legales) y de los\/las alumnos\/as.<\/li><li>Libro de Familia.<\/li><li>Certificado de la entidad bancaria donde se haga constar el n\u00famero de cuenta y la titularidad del\/los solicitante\/s.<\/li><li>Factura original o fotocopia compulsada de:<\/li><\/ul>\n\n\n\n<p class=\"has-text-align-right\">          *la compra de libros de texto y fichas de infantil y de primaria de la escuela Ull de Vent, a trav\u00e9s de programa de socializaci\u00f3n de libros<\/p>\n\n\n\n<p class=\"has-text-align-right\">          *el uso del transporte escolar intermunicipal del Consell Comarcal del Baix Pened\u00e8s<\/p>\n\n\n\n<p class=\"has-text-align-right\">          *el uso del servicio de comedor escolar<\/p>\n\n\n\n<ul><li>Comprobante de pago de las facturas<\/li><\/ul>\n\n\n\n<p>Hay que tener en cuenta que, para obtener la subvenci\u00f3n, hay que cumplir los siguientes requisitos:<\/p>\n\n\n\n<ul><li>Estar empadronados\/das en la Bisbal del Pened\u00e8s<\/li><li>Estar matriculados\/das los\/las alumnos\/as en la escuela Ull de Vent el curso 2022\/2023<\/li><li>Hacer la compra de los libros a trav\u00e9s del programa de socializaci\u00f3n de libros.<\/li><li>No ser deudores\/as ante la Tesorer\u00eda General de la Seguridad Social (TGSS), la Agencia Estatal de Administraci\u00f3n Tributaria (AEAT), la Agencia Tributaria de Catalunya (ATC) y el Ayuntamiento de la Bisbal del Pened\u00e8s.<\/li><li>No haber sido sancionados\/das con resoluci\u00f3n firme con la p\u00e9rdida de la posibilidad de obtener subvenciones.<\/li><\/ul>\n\n\n\n<p>El Ayuntamiento de la Bisbal del Pened\u00e8s, despu\u00e9s de la aprobaci\u00f3n de la Junta de Gobierno, ha hecho llegar la convocatoria de las subvenciones a la Base de Datos Nacional de Subvenciones (BDNS) para que sea publicada en el Bolet\u00edn Oficial de la Provincia de Tarragona (BOPT). Una vez se publique en el bolet\u00edn, empezar\u00e1 el plazo para presentar solicitudes a la convocatoria. Desde el Ayuntamiento de la Bisbal del Pened\u00e8s informaremos de la apertura del plazo a trav\u00e9s de los medios habituales de comunicaci\u00f3n con la ciudadan\u00eda.<\/p>\n","protected":false},"excerpt":{"rendered":"<p>La Junta de govern del 24 de juliol ha aprovat la convocat\u00f2ria de subvencions escolars de prim\u00e0ria per al curs 2022\/2023: llibres de l\u2019escola Ull de Vent en el marc &hellip; <a href=\"https:\/\/bisbalpenedes.com\/web\/2023\/07\/25\/properament-sobrira-la-convocatoria-de-subvencions-escolars-de-primaria-per-al-curs-2022-23-llibres-menjador-i-transport-escolar\/\" class=\"more-link\">Read More<\/a><\/p>\n","protected":false},"author":4,"featured_media":26942,"comment_status":"closed","ping_status":"closed","sticky":false,"template":"","format":"standard","meta":[],"categories":[16,3456,8],"tags":[459,337,393,148,113,1374,478,1998,356],"_links":{"self":[{"href":"https:\/\/bisbalpenedes.com\/web\/wp-json\/wp\/v2\/posts\/26940"}],"collection":[{"href":"https:\/\/bisbalpenedes.com\/web\/wp-json\/wp\/v2\/posts"}],"about":[{"href":"https:\/\/bisbalpenedes.com\/web\/wp-json\/wp\/v2\/types\/post"}],"author":[{"embeddable":true,"href":"https:\/\/bisbalpenedes.com\/web\/wp-json\/wp\/v2\/users\/4"}],"replies":[{"embeddable":true,"href":"https:\/\/bisbalpenedes.com\/web\/wp-json\/wp\/v2\/comments?post=26940"}],"version-history":[{"count":3,"href":"https:\/\/bisbalpenedes.com\/web\/wp-json\/wp\/v2\/posts\/26940\/revisions"}],"predecessor-version":[{"id":26991,"href":"https:\/\/bisbalpenedes.com\/web\/wp-json\/wp\/v2\/posts\/26940\/revisions\/26991"}],"wp:featuredmedia":[{"embeddable":true,"href":"https:\/\/bisbalpenedes.com\/web\/wp-json\/wp\/v2\/media\/26942"}],"wp:attachment":[{"href":"https:\/\/bisbalpenedes.com\/web\/wp-json\/wp\/v2\/media?parent=26940"}],"wp:term":[{"taxonomy":"category","embeddable":true,"href":"https:\/\/bisbalpenedes.com\/web\/wp-json\/wp\/v2\/categories?post=26940"},{"taxonomy":"post_tag","embeddable":true,"href":"https:\/\/bisbalpenedes.com\/web\/wp-json\/wp\/v2\/tags?post=26940"}],"curies":[{"name":"wp","href":"https:\/\/api.w.org\/{rel}","templated":true}]}}