{"id":26932,"date":"2023-07-25T08:35:35","date_gmt":"2023-07-25T06:35:35","guid":{"rendered":"https:\/\/bisbalpenedes.com\/web\/?p=26932"},"modified":"2023-07-25T08:44:12","modified_gmt":"2023-07-25T06:44:12","slug":"el-dimecres-19-de-juliol-es-va-constituir-el-consell-comarcal-per-al-mandat-2023-2027","status":"publish","type":"post","link":"https:\/\/bisbalpenedes.com\/web\/2023\/07\/25\/el-dimecres-19-de-juliol-es-va-constituir-el-consell-comarcal-per-al-mandat-2023-2027\/","title":{"rendered":"El dimecres 19 de juliol es va constituir el Consell Comarcal per al mandat 2023\/2027"},"content":{"rendered":"\n<p>El passat dimecres 19 de juliol, a les 18h, es va constituir el Consell Comarcal del Baix Pened\u00e8s (CCBP) per al mandat 2023\/2027. L\u2019acte es va celebrar a la Vil\u00b7la Casals de Sant Salvador (El Vendrell).<\/p>\n\n\n\n<p>El Consell Comarcal del Baix Pened\u00e8s est\u00e0 format per 33 consellers comarcals i el seu repartiment entre els diferents partits ve marcat per les eleccions municipals del passat mes de maig. El PSC, Junts-Impulsem i ARA Pacte Local van fer pacte per governar a l\u2019ens comarcal i Ramon Ferr\u00e9, alcalde de Calafell, va ser investit president per majoria absoluta amb 21 vots favorables.<\/p>\n\n\n\n<p>En aquest mandat hi ha dues conselleres comarcals que s\u00f3n membres del consistori bisbalenc i que, el passat dimecres 19 de juliol, van prendre possessi\u00f3 del seu c\u00e0rrec:<\/p>\n\n\n\n<ul><li>L\u2019alcaldessa Agn\u00e8s Ferr\u00e9, d\u2019ARA Pacte Local<\/li><li>La regidora S\u00edlvia Monfort, d\u2019ERC-Acord Municipal<\/li><\/ul>\n\n\n\n<figure class=\"wp-block-image size-full\"><img loading=\"lazy\" width=\"713\" height=\"737\" src=\"https:\/\/bisbalpenedes.com\/web\/wp-content\/uploads\/2023\/07\/CONSELLERES-BISBALENQUES-CCBP.jpeg\" alt=\"\" class=\"wp-image-26934\" srcset=\"https:\/\/bisbalpenedes.com\/web\/wp-content\/uploads\/2023\/07\/CONSELLERES-BISBALENQUES-CCBP.jpeg 713w, https:\/\/bisbalpenedes.com\/web\/wp-content\/uploads\/2023\/07\/CONSELLERES-BISBALENQUES-CCBP-290x300.jpeg 290w, https:\/\/bisbalpenedes.com\/web\/wp-content\/uploads\/2023\/07\/CONSELLERES-BISBALENQUES-CCBP-600x620.jpeg 600w\" sizes=\"(max-width: 713px) 100vw, 713px\" \/><\/figure>\n\n\n\n<p>La Composici\u00f3 del Consell Comarcal del Baix Pened\u00e8s per aquest 10\u00e8 mandat \u00e9s:<\/p>\n\n\n\n<ul><li>PSC \u2013 Candidatura de Progr\u00e9s: 12 consellers<\/li><li>ERC \u2013 Acord Municipal: 7 consellers<\/li><li>Junts-Comprom\u00eds Municipal: 5 consellers<\/li><li>ARA Pacte Local: 4 consellers<\/li><li>PP: 2 consellers<\/li><li>Vox: 2 consellers<\/li><li>Conflu\u00e8ncia-ECP: 1 conseller<\/li><\/ul>\n\n\n\n<p>Es van presentar 2 candidatures a la presid\u00e8ncia del CCBP: Ramon Ferr\u00e9 (PSC) i Amadeu Benach (ERC) i el resultat de les votacions va ser el seg\u00fcent:<\/p>\n\n\n\n<p>-21 vots per Ramon Ferr\u00e9<\/p>\n\n\n\n<p>-7 vots per Amadeu Benach<\/p>\n\n\n\n<p>-4 vots en blanc<\/p>\n\n\n\n<p>(la suma de vots ascendeix a 32 perqu\u00e8 un dels consellers es va absentar).<\/p>\n\n\n\n<p>Per a m\u00e9s informaci\u00f3 podeu accedir a: <a href=\"https:\/\/ccbp.cat\/recerca\/es-constitueix-el-consell-comarcal-del-baix-penedes\">https:\/\/ccbp.cat\/recerca\/es-constitueix-el-consell-comarcal-del-baix-penedes<\/a><\/p>\n\n\n\n<hr class=\"wp-block-separator has-alpha-channel-opacity\"\/>\n\n\n\n<p><strong>CASTELLANO |<\/strong> El pasado mi\u00e9rcoles 19 de julio, a las 18h, se constituy\u00f3 el Consell Comarcal del Baix Pened\u00e8s (CCBP) para el mandato 2023\/2027. El acto se celebr\u00f3 en la Vil\u00b7la Casals de Sant Salvador (El Vendrell).<\/p>\n\n\n\n<p>El Consell Comarcal del Baix Pened\u00e8s est\u00e1 formado por 33 consejeros comarcales y su repartimiento entre los distintos partidos viene marcado por las elecciones municipales del pasado mes de mayo. El PSC, Junts-Impulsem y ARA Pacte Local hicieron pacto para gobernar en el ente comarcal y Ramon Ferr\u00e9, alcalde de Calafell, fue investido presidente por mayor\u00eda absoluta con 21 votos favorables.<\/p>\n\n\n\n<p>En este mandato hay dos consejeras comarcales que forman parte del consistorio bisbalenc y que, el pasado mi\u00e9rcoles 19 de julio, tomaron posesi\u00f3n de su cargo:<\/p>\n\n\n\n<ul><li>La alcaldesa Agn\u00e8s Ferr\u00e9, de ARA Pacte Local<\/li><li>La concejala S\u00edlvia Monfort, de ERC-Acord Municipal<\/li><\/ul>\n\n\n\n<figure class=\"wp-block-image size-full\"><img loading=\"lazy\" width=\"713\" height=\"737\" src=\"https:\/\/bisbalpenedes.com\/web\/wp-content\/uploads\/2023\/07\/CONSELLERES-BISBALENQUES-CCBP.jpeg\" alt=\"\" class=\"wp-image-26934\" srcset=\"https:\/\/bisbalpenedes.com\/web\/wp-content\/uploads\/2023\/07\/CONSELLERES-BISBALENQUES-CCBP.jpeg 713w, https:\/\/bisbalpenedes.com\/web\/wp-content\/uploads\/2023\/07\/CONSELLERES-BISBALENQUES-CCBP-290x300.jpeg 290w, https:\/\/bisbalpenedes.com\/web\/wp-content\/uploads\/2023\/07\/CONSELLERES-BISBALENQUES-CCBP-600x620.jpeg 600w\" sizes=\"(max-width: 713px) 100vw, 713px\" \/><\/figure>\n\n\n\n<p>La Composici\u00f3n del Consell Comarcal del Baix Pened\u00e8s para este 10\u00ba mandato es:<\/p>\n\n\n\n<ul><li>PSC \u2013 Candidatura de Progr\u00e9s: 12 consejeros<\/li><li>ERC \u2013 Acord Municipal: 7 consejeros<\/li><li>Junts-Comprom\u00eds Municipal: 5 consejeros<\/li><li>ARA Pacte Local: 4 consejeros<\/li><li>PP: 2 consejeros<\/li><li>Vox: 2 consejeros<\/li><li>Conflu\u00e8ncia-ECP: 1 consejero<\/li><\/ul>\n\n\n\n<p>Se presentaron 2 candidaturas a la presidencia del CCBP: Ramon Ferr\u00e9 (PSC) y Amadeu Benach (ERC) y el resultado de las votaciones fue el siguiente:<\/p>\n\n\n\n<p>-21 votos para Ramon Ferr\u00e9<\/p>\n\n\n\n<p>-7 votos para Amadeu Benach<\/p>\n\n\n\n<p>-4 votos en blanco<\/p>\n\n\n\n<p>(la suma de votos asciende a 32 porque uno de los consejeros se ausent\u00f3).<\/p>\n\n\n\n<p>Para m\u00e1s informaci\u00f3n pod\u00e9is acceder a: <a href=\"https:\/\/ccbp.cat\/recerca\/es-constitueix-el-consell-comarcal-del-baix-penedes\">https:\/\/ccbp.cat\/recerca\/es-constitueix-el-consell-comarcal-del-baix-penedes<\/a><\/p>\n","protected":false},"excerpt":{"rendered":"<p>El passat dimecres 19 de juliol, a les 18h, es va constituir el Consell Comarcal del Baix Pened\u00e8s (CCBP) per al mandat 2023\/2027. L\u2019acte es va celebrar a la Vil\u00b7la &hellip; <a href=\"https:\/\/bisbalpenedes.com\/web\/2023\/07\/25\/el-dimecres-19-de-juliol-es-va-constituir-el-consell-comarcal-per-al-mandat-2023-2027\/\" class=\"more-link\">Read More<\/a><\/p>\n","protected":false},"author":4,"featured_media":26933,"comment_status":"closed","ping_status":"closed","sticky":false,"template":"","format":"standard","meta":[],"categories":[3137,8],"tags":[459,1056,393],"_links":{"self":[{"href":"https:\/\/bisbalpenedes.com\/web\/wp-json\/wp\/v2\/posts\/26932"}],"collection":[{"href":"https:\/\/bisbalpenedes.com\/web\/wp-json\/wp\/v2\/posts"}],"about":[{"href":"https:\/\/bisbalpenedes.com\/web\/wp-json\/wp\/v2\/types\/post"}],"author":[{"embeddable":true,"href":"https:\/\/bisbalpenedes.com\/web\/wp-json\/wp\/v2\/users\/4"}],"replies":[{"embeddable":true,"href":"https:\/\/bisbalpenedes.com\/web\/wp-json\/wp\/v2\/comments?post=26932"}],"version-history":[{"count":3,"href":"https:\/\/bisbalpenedes.com\/web\/wp-json\/wp\/v2\/posts\/26932\/revisions"}],"predecessor-version":[{"id":26937,"href":"https:\/\/bisbalpenedes.com\/web\/wp-json\/wp\/v2\/posts\/26932\/revisions\/26937"}],"wp:featuredmedia":[{"embeddable":true,"href":"https:\/\/bisbalpenedes.com\/web\/wp-json\/wp\/v2\/media\/26933"}],"wp:attachment":[{"href":"https:\/\/bisbalpenedes.com\/web\/wp-json\/wp\/v2\/media?parent=26932"}],"wp:term":[{"taxonomy":"category","embeddable":true,"href":"https:\/\/bisbalpenedes.com\/web\/wp-json\/wp\/v2\/categories?post=26932"},{"taxonomy":"post_tag","embeddable":true,"href":"https:\/\/bisbalpenedes.com\/web\/wp-json\/wp\/v2\/tags?post=26932"}],"curies":[{"name":"wp","href":"https:\/\/api.w.org\/{rel}","templated":true}]}}