{"id":26917,"date":"2023-07-24T14:21:57","date_gmt":"2023-07-24T12:21:57","guid":{"rendered":"https:\/\/bisbalpenedes.com\/web\/?p=26917"},"modified":"2023-07-24T15:19:40","modified_gmt":"2023-07-24T13:19:40","slug":"festa-del-barri-de-can-gordei-2","status":"publish","type":"post","link":"https:\/\/bisbalpenedes.com\/web\/2023\/07\/24\/festa-del-barri-de-can-gordei-2\/","title":{"rendered":"Festa del barri de Can Gordei"},"content":{"rendered":"\n<p>Engeguem setmana i us anunciem la Festa de Can Gordei, que se celebrar\u00e0 el proper cap de setmana. Aqu\u00ed teniu el programa d&#8217;activitats.<\/p>\n\n\n\n<hr class=\"wp-block-separator has-alpha-channel-opacity\"\/>\n\n\n\n<p>Arrancamos semana y os anunciamos la fiesta de Can Gordei, que se celebrar\u00e1 el pr\u00f3ximo fin de semana. Aqu\u00ed ten\u00e9is el programa de actividades<\/p>\n\n\n\n<figure class=\"wp-block-image size-large is-resized\"><img loading=\"lazy\" src=\"https:\/\/bisbalpenedes.com\/web\/wp-content\/uploads\/2023\/07\/FESTA-CAN-GORDEI-CAT-724x1024.png\" alt=\"\" class=\"wp-image-26918\" width=\"412\" height=\"582\" srcset=\"https:\/\/bisbalpenedes.com\/web\/wp-content\/uploads\/2023\/07\/FESTA-CAN-GORDEI-CAT-724x1024.png 724w, https:\/\/bisbalpenedes.com\/web\/wp-content\/uploads\/2023\/07\/FESTA-CAN-GORDEI-CAT-212x300.png 212w, https:\/\/bisbalpenedes.com\/web\/wp-content\/uploads\/2023\/07\/FESTA-CAN-GORDEI-CAT-768x1086.png 768w, https:\/\/bisbalpenedes.com\/web\/wp-content\/uploads\/2023\/07\/FESTA-CAN-GORDEI-CAT-1086x1536.png 1086w, https:\/\/bisbalpenedes.com\/web\/wp-content\/uploads\/2023\/07\/FESTA-CAN-GORDEI-CAT-600x849.png 600w, https:\/\/bisbalpenedes.com\/web\/wp-content\/uploads\/2023\/07\/FESTA-CAN-GORDEI-CAT.png 1448w\" sizes=\"(max-width: 412px) 100vw, 412px\" \/><\/figure>\n","protected":false},"excerpt":{"rendered":"<p>Engeguem setmana i us anunciem la Festa de Can Gordei, que se celebrar\u00e0 el proper cap de setmana. Aqu\u00ed teniu el programa d&#8217;activitats. Arrancamos semana y os anunciamos la fiesta &hellip; <a href=\"https:\/\/bisbalpenedes.com\/web\/2023\/07\/24\/festa-del-barri-de-can-gordei-2\/\" class=\"more-link\">Read More<\/a><\/p>\n","protected":false},"author":4,"featured_media":26918,"comment_status":"closed","ping_status":"closed","sticky":false,"template":"","format":"standard","meta":[],"categories":[2942,4287,4668,8],"tags":[50],"_links":{"self":[{"href":"https:\/\/bisbalpenedes.com\/web\/wp-json\/wp\/v2\/posts\/26917"}],"collection":[{"href":"https:\/\/bisbalpenedes.com\/web\/wp-json\/wp\/v2\/posts"}],"about":[{"href":"https:\/\/bisbalpenedes.com\/web\/wp-json\/wp\/v2\/types\/post"}],"author":[{"embeddable":true,"href":"https:\/\/bisbalpenedes.com\/web\/wp-json\/wp\/v2\/users\/4"}],"replies":[{"embeddable":true,"href":"https:\/\/bisbalpenedes.com\/web\/wp-json\/wp\/v2\/comments?post=26917"}],"version-history":[{"count":3,"href":"https:\/\/bisbalpenedes.com\/web\/wp-json\/wp\/v2\/posts\/26917\/revisions"}],"predecessor-version":[{"id":26923,"href":"https:\/\/bisbalpenedes.com\/web\/wp-json\/wp\/v2\/posts\/26917\/revisions\/26923"}],"wp:featuredmedia":[{"embeddable":true,"href":"https:\/\/bisbalpenedes.com\/web\/wp-json\/wp\/v2\/media\/26918"}],"wp:attachment":[{"href":"https:\/\/bisbalpenedes.com\/web\/wp-json\/wp\/v2\/media?parent=26917"}],"wp:term":[{"taxonomy":"category","embeddable":true,"href":"https:\/\/bisbalpenedes.com\/web\/wp-json\/wp\/v2\/categories?post=26917"},{"taxonomy":"post_tag","embeddable":true,"href":"https:\/\/bisbalpenedes.com\/web\/wp-json\/wp\/v2\/tags?post=26917"}],"curies":[{"name":"wp","href":"https:\/\/api.w.org\/{rel}","templated":true}]}}