{"id":26875,"date":"2023-07-24T10:14:41","date_gmt":"2023-07-24T08:14:41","guid":{"rendered":"https:\/\/bisbalpenedes.com\/web\/?p=26875"},"modified":"2023-07-24T10:14:41","modified_gmt":"2023-07-24T08:14:41","slug":"1-901-bisbalencs-han-votat-a-les-eleccions-al-congres-dels-diputats-aquest-diumenge-23-de-juliol","status":"publish","type":"post","link":"https:\/\/bisbalpenedes.com\/web\/2023\/07\/24\/1-901-bisbalencs-han-votat-a-les-eleccions-al-congres-dels-diputats-aquest-diumenge-23-de-juliol\/","title":{"rendered":"1.901 bisbalencs han votat a les eleccions al Congr\u00e9s dels Diputats aquest diumenge 23 de juliol"},"content":{"rendered":"\n<p>1.901 bisbalencs han votat, aquest diumenge\u00a023 de juliol de 2023 a les Eleccions a les Corts Generals per escollir els representants del Congr\u00e9s. Les eleccions han comptat amb un 60,38% de participaci\u00f3, el que suposa una disminuci\u00f3 d\u2019un 4,02% de la participaci\u00f3 vers les eleccions al Congr\u00e9s dels diputats del 10 de novembre de 2019. Amb el 100% de l\u2019escrutini fet p\u00fablic, els resultats provisionals de la Bisbal del Pened\u00e8s al Congr\u00e9s han estat els seg\u00fcents:<\/p>\n\n\n\n<figure class=\"wp-block-image size-large\"><img loading=\"lazy\" width=\"1024\" height=\"799\" src=\"https:\/\/bisbalpenedes.com\/web\/wp-content\/uploads\/2023\/07\/Captura-de-pantalla-2023-07-24-a-les-10.05.00-1024x799.png\" alt=\"\" class=\"wp-image-26876\" srcset=\"https:\/\/bisbalpenedes.com\/web\/wp-content\/uploads\/2023\/07\/Captura-de-pantalla-2023-07-24-a-les-10.05.00-1024x799.png 1024w, https:\/\/bisbalpenedes.com\/web\/wp-content\/uploads\/2023\/07\/Captura-de-pantalla-2023-07-24-a-les-10.05.00-300x234.png 300w, https:\/\/bisbalpenedes.com\/web\/wp-content\/uploads\/2023\/07\/Captura-de-pantalla-2023-07-24-a-les-10.05.00-768x599.png 768w, https:\/\/bisbalpenedes.com\/web\/wp-content\/uploads\/2023\/07\/Captura-de-pantalla-2023-07-24-a-les-10.05.00-1536x1198.png 1536w, https:\/\/bisbalpenedes.com\/web\/wp-content\/uploads\/2023\/07\/Captura-de-pantalla-2023-07-24-a-les-10.05.00-600x468.png 600w, https:\/\/bisbalpenedes.com\/web\/wp-content\/uploads\/2023\/07\/Captura-de-pantalla-2023-07-24-a-les-10.05.00.png 1690w\" sizes=\"(max-width: 1024px) 100vw, 1024px\" \/><\/figure>\n\n\n\n<figure class=\"wp-block-image size-large\"><img loading=\"lazy\" width=\"1024\" height=\"514\" src=\"https:\/\/bisbalpenedes.com\/web\/wp-content\/uploads\/2023\/07\/Captura-de-pantalla-2023-07-24-a-les-10.05.10-1024x514.png\" alt=\"\" class=\"wp-image-26877\" srcset=\"https:\/\/bisbalpenedes.com\/web\/wp-content\/uploads\/2023\/07\/Captura-de-pantalla-2023-07-24-a-les-10.05.10-1024x514.png 1024w, https:\/\/bisbalpenedes.com\/web\/wp-content\/uploads\/2023\/07\/Captura-de-pantalla-2023-07-24-a-les-10.05.10-300x151.png 300w, https:\/\/bisbalpenedes.com\/web\/wp-content\/uploads\/2023\/07\/Captura-de-pantalla-2023-07-24-a-les-10.05.10-768x385.png 768w, https:\/\/bisbalpenedes.com\/web\/wp-content\/uploads\/2023\/07\/Captura-de-pantalla-2023-07-24-a-les-10.05.10-1536x771.png 1536w, https:\/\/bisbalpenedes.com\/web\/wp-content\/uploads\/2023\/07\/Captura-de-pantalla-2023-07-24-a-les-10.05.10-600x301.png 600w, https:\/\/bisbalpenedes.com\/web\/wp-content\/uploads\/2023\/07\/Captura-de-pantalla-2023-07-24-a-les-10.05.10.png 1682w\" sizes=\"(max-width: 1024px) 100vw, 1024px\" \/><\/figure>\n\n\n\n<p>Quant a les eleccions al Senat, podeu consultar els resultats aqu\u00ed (dades provisionals):&nbsp;<a href=\"https:\/\/resultados.generales23j.es\/ca\/resultats\/1\/0\/20\">https:\/\/resultados.generales23j.es\/ca\/resultats\/1\/0\/20<\/a> &nbsp;<\/p>\n\n\n\n<p>Podeu consultar totes les dades sobre les Eleccions Generals a l\u2019enlla\u00e7 i la comparativa amb les eleccions del 10N fent clic aqu\u00ed:\u00a0<a href=\"https:\/\/resultados.generales23j.es\/\">Ministerio del Interior<\/a><\/p>\n\n\n\n<hr class=\"wp-block-separator has-alpha-channel-opacity\"\/>\n\n\n\n<p><strong>CASTELLANO |<\/strong>\u00a01.901 bisbalencs han votado, este domingo\u00a023 de julio de 2023 en las Elecciones a las Cortes Generales para escoger a los representantes del Congreso. Las elecciones han contado con un 60,38% de participaci\u00f3n, lo que supone una disminuci\u00f3n de un 4,02% de la participaci\u00f3n en comparaci\u00f3n con las elecciones del 10 de noviembre de 2019. Con el 100% del escrutinio hecho p\u00fablico, los resultados provisionales de la Bisbal del Pened\u00e8s en el Congreso han sido los siguientes:<\/p>\n\n\n\n<figure class=\"wp-block-image size-large\"><img loading=\"lazy\" width=\"1024\" height=\"799\" src=\"https:\/\/bisbalpenedes.com\/web\/wp-content\/uploads\/2023\/07\/Captura-de-pantalla-2023-07-24-a-les-10.05.00-1024x799.png\" alt=\"\" class=\"wp-image-26876\" srcset=\"https:\/\/bisbalpenedes.com\/web\/wp-content\/uploads\/2023\/07\/Captura-de-pantalla-2023-07-24-a-les-10.05.00-1024x799.png 1024w, https:\/\/bisbalpenedes.com\/web\/wp-content\/uploads\/2023\/07\/Captura-de-pantalla-2023-07-24-a-les-10.05.00-300x234.png 300w, https:\/\/bisbalpenedes.com\/web\/wp-content\/uploads\/2023\/07\/Captura-de-pantalla-2023-07-24-a-les-10.05.00-768x599.png 768w, https:\/\/bisbalpenedes.com\/web\/wp-content\/uploads\/2023\/07\/Captura-de-pantalla-2023-07-24-a-les-10.05.00-1536x1198.png 1536w, https:\/\/bisbalpenedes.com\/web\/wp-content\/uploads\/2023\/07\/Captura-de-pantalla-2023-07-24-a-les-10.05.00-600x468.png 600w, https:\/\/bisbalpenedes.com\/web\/wp-content\/uploads\/2023\/07\/Captura-de-pantalla-2023-07-24-a-les-10.05.00.png 1690w\" sizes=\"(max-width: 1024px) 100vw, 1024px\" \/><\/figure>\n\n\n\n<figure class=\"wp-block-image size-large\"><img loading=\"lazy\" width=\"1024\" height=\"514\" src=\"https:\/\/bisbalpenedes.com\/web\/wp-content\/uploads\/2023\/07\/Captura-de-pantalla-2023-07-24-a-les-10.05.10-1-1024x514.png\" alt=\"\" class=\"wp-image-26878\" srcset=\"https:\/\/bisbalpenedes.com\/web\/wp-content\/uploads\/2023\/07\/Captura-de-pantalla-2023-07-24-a-les-10.05.10-1-1024x514.png 1024w, https:\/\/bisbalpenedes.com\/web\/wp-content\/uploads\/2023\/07\/Captura-de-pantalla-2023-07-24-a-les-10.05.10-1-300x151.png 300w, https:\/\/bisbalpenedes.com\/web\/wp-content\/uploads\/2023\/07\/Captura-de-pantalla-2023-07-24-a-les-10.05.10-1-768x385.png 768w, https:\/\/bisbalpenedes.com\/web\/wp-content\/uploads\/2023\/07\/Captura-de-pantalla-2023-07-24-a-les-10.05.10-1-1536x771.png 1536w, https:\/\/bisbalpenedes.com\/web\/wp-content\/uploads\/2023\/07\/Captura-de-pantalla-2023-07-24-a-les-10.05.10-1-600x301.png 600w, https:\/\/bisbalpenedes.com\/web\/wp-content\/uploads\/2023\/07\/Captura-de-pantalla-2023-07-24-a-les-10.05.10-1.png 1682w\" sizes=\"(max-width: 1024px) 100vw, 1024px\" \/><\/figure>\n\n\n\n<p>En cuanto a las elecciones al Senado, pod\u00e9is consultar los resultados aqu\u00ed (datos provisionales):&nbsp;<a href=\"https:\/\/resultados.generales23j.es\/ca\/resultats\/1\/0\/20\">https:\/\/resultados.generales23j.es\/ca\/resultats\/1\/0\/20<\/a> &nbsp;<\/p>\n\n\n\n<p>Pod\u00e9is consultar todos los datos sobre las Elecciones Generales y la comparativa con las elecciones del 10N haciendo clic aqu\u00ed:&nbsp;<a href=\"https:\/\/resultados.generales23j.es\/\">Ministerio del Interior<\/a><\/p>\n\n\n\n<p><\/p>\n","protected":false},"excerpt":{"rendered":"<p>1.901 bisbalencs han votat, aquest diumenge\u00a023 de juliol de 2023 a les Eleccions a les Corts Generals per escollir els representants del Congr\u00e9s. Les eleccions han comptat amb un 60,38% &hellip; <a href=\"https:\/\/bisbalpenedes.com\/web\/2023\/07\/24\/1-901-bisbalencs-han-votat-a-les-eleccions-al-congres-dels-diputats-aquest-diumenge-23-de-juliol\/\" class=\"more-link\">Read More<\/a><\/p>\n","protected":false},"author":4,"featured_media":26885,"comment_status":"closed","ping_status":"closed","sticky":false,"template":"","format":"standard","meta":[],"categories":[8],"tags":[6126,459,2873,892,6127,393,2964],"_links":{"self":[{"href":"https:\/\/bisbalpenedes.com\/web\/wp-json\/wp\/v2\/posts\/26875"}],"collection":[{"href":"https:\/\/bisbalpenedes.com\/web\/wp-json\/wp\/v2\/posts"}],"about":[{"href":"https:\/\/bisbalpenedes.com\/web\/wp-json\/wp\/v2\/types\/post"}],"author":[{"embeddable":true,"href":"https:\/\/bisbalpenedes.com\/web\/wp-json\/wp\/v2\/users\/4"}],"replies":[{"embeddable":true,"href":"https:\/\/bisbalpenedes.com\/web\/wp-json\/wp\/v2\/comments?post=26875"}],"version-history":[{"count":1,"href":"https:\/\/bisbalpenedes.com\/web\/wp-json\/wp\/v2\/posts\/26875\/revisions"}],"predecessor-version":[{"id":26886,"href":"https:\/\/bisbalpenedes.com\/web\/wp-json\/wp\/v2\/posts\/26875\/revisions\/26886"}],"wp:featuredmedia":[{"embeddable":true,"href":"https:\/\/bisbalpenedes.com\/web\/wp-json\/wp\/v2\/media\/26885"}],"wp:attachment":[{"href":"https:\/\/bisbalpenedes.com\/web\/wp-json\/wp\/v2\/media?parent=26875"}],"wp:term":[{"taxonomy":"category","embeddable":true,"href":"https:\/\/bisbalpenedes.com\/web\/wp-json\/wp\/v2\/categories?post=26875"},{"taxonomy":"post_tag","embeddable":true,"href":"https:\/\/bisbalpenedes.com\/web\/wp-json\/wp\/v2\/tags?post=26875"}],"curies":[{"name":"wp","href":"https:\/\/api.w.org\/{rel}","templated":true}]}}