{"id":2687,"date":"2017-06-28T01:42:05","date_gmt":"2017-06-27T19:42:05","guid":{"rendered":"http:\/\/bisbalpenedes.com\/web\/?p=2687"},"modified":"2017-07-03T21:52:37","modified_gmt":"2017-07-03T15:52:37","slug":"la-regidoria-deducacio-informa-que-ja-es-poden-demanar-les-subvencions-per-a-llibres-de-text-transport-i-menjador-escolar-per-al-curs-2017-2018","status":"publish","type":"post","link":"https:\/\/bisbalpenedes.com\/web\/2017\/06\/28\/la-regidoria-deducacio-informa-que-ja-es-poden-demanar-les-subvencions-per-a-llibres-de-text-transport-i-menjador-escolar-per-al-curs-2017-2018\/","title":{"rendered":"La Regidoria d&#8217;Educaci\u00f3 informa que ja es poden demanar les subvencions per a llibres de text, transport i menjador escolar per al curs 2017-2018"},"content":{"rendered":"<p><a href=\"http:\/\/bisbalpenedes.com\/web\/wp-content\/uploads\/2017\/06\/FullSizeRender-5.jpg\"><img loading=\"lazy\" class=\"aligncenter size-large wp-image-2721\" title=\"subvenciones escolares\" src=\"http:\/\/bisbalpenedes.com\/web\/wp-content\/uploads\/2017\/06\/FullSizeRender-5-738x1024.jpg\" alt=\"\" width=\"630\" height=\"874\" srcset=\"https:\/\/bisbalpenedes.com\/web\/wp-content\/uploads\/2017\/06\/FullSizeRender-5-738x1024.jpg 738w, https:\/\/bisbalpenedes.com\/web\/wp-content\/uploads\/2017\/06\/FullSizeRender-5-600x831.jpg 600w, https:\/\/bisbalpenedes.com\/web\/wp-content\/uploads\/2017\/06\/FullSizeRender-5-216x300.jpg 216w, https:\/\/bisbalpenedes.com\/web\/wp-content\/uploads\/2017\/06\/FullSizeRender-5.jpg 1242w\" sizes=\"(max-width: 630px) 100vw, 630px\" \/><\/a>La Regidoria d\u2019Educaci\u00f3 de l\u2019Ajuntament de La Bisbal del Pened\u00e8s informa que des d\u2019avui dimarts 27 de juny i fins al 15 de setembre de 2017 es poden demanar les subvencions lineals per a\u00a0<strong>llibres de text<\/strong>,\u00a0<strong>transport<\/strong>\u00a0i\u00a0<strong>menjador<\/strong>\u00a0<strong>escolar<\/strong>\u00a0per al curs 2017-2018.<\/p>\n<p>Durant el curs 2016-2017 s\u2019ha aconseguit que el 95% dels llibres fossin reciclats mitjan\u00e7ant la socialitzaci\u00f3 dels llibres, el que es tradueix amb una despesa en llibres m\u00ednima per aquells que els han comprat a l\u2019AMPA. \u00c9s per aix\u00f2 que des de la Regidoria d\u2019Ensenyament us convidem a fer-vos socis i s\u00f2cies de l\u2019AMPA, ja que la subvenci\u00f3 va en funci\u00f3 dels preus marcats per l\u2019Associaci\u00f3 de Mares i Pares d\u2019Alumnes i per curs (llibres reciclats de cada curs).<\/p>\n<p>Les fam\u00edlies interessades en fer-vos s\u00f2cies de l\u2019AMPA i aix\u00ed poder-vos beneficiar d\u2019aquests preus, cal que us adreceu a l\u2019AMPA i a l\u2019Ajuntament tan aviat com us sigui possible.<\/p>\n<p>Enguany la subvenci\u00f3 \u00e9s de, com a m\u00e0xim, 200\u20ac tant pels alumnes de l\u2019Escola Ull de Vent com pels de l\u2019IES Coster de la Torre (els alumnes de l\u2019institut fins ara tenien un l\u00edmit de 150\u20ac i en la subvenci\u00f3 del curs vinent hem cregut oport\u00fa ampliar-la).<\/p>\n<p><a href=\"http:\/\/bisbalpenedes.com\/web\/wp-content\/uploads\/2017\/06\/FullSizeRender-4.jpg\"><img loading=\"lazy\" class=\"aligncenter size-large wp-image-2720\" title=\"subvencions escolars 2017-2018\" src=\"http:\/\/bisbalpenedes.com\/web\/wp-content\/uploads\/2017\/06\/FullSizeRender-4-747x1024.jpg\" alt=\"\" width=\"630\" height=\"863\" srcset=\"https:\/\/bisbalpenedes.com\/web\/wp-content\/uploads\/2017\/06\/FullSizeRender-4-747x1024.jpg 747w, https:\/\/bisbalpenedes.com\/web\/wp-content\/uploads\/2017\/06\/FullSizeRender-4-600x822.jpg 600w, https:\/\/bisbalpenedes.com\/web\/wp-content\/uploads\/2017\/06\/FullSizeRender-4-218x300.jpg 218w, https:\/\/bisbalpenedes.com\/web\/wp-content\/uploads\/2017\/06\/FullSizeRender-4.jpg 1235w\" sizes=\"(max-width: 630px) 100vw, 630px\" \/><\/a><\/p>\n<p>&nbsp;<\/p>\n<p>&nbsp;<\/p>\n","protected":false},"excerpt":{"rendered":"<p>La Regidoria d\u2019Educaci\u00f3 de l\u2019Ajuntament de La Bisbal del Pened\u00e8s informa que des d\u2019avui dimarts 27 de juny i fins al 15 de setembre de 2017 es poden demanar les &hellip; <a href=\"https:\/\/bisbalpenedes.com\/web\/2017\/06\/28\/la-regidoria-deducacio-informa-que-ja-es-poden-demanar-les-subvencions-per-a-llibres-de-text-transport-i-menjador-escolar-per-al-curs-2017-2018\/\" class=\"more-link\">Read More<\/a><\/p>\n","protected":false},"author":4,"featured_media":2720,"comment_status":"closed","ping_status":"closed","sticky":false,"template":"","format":"standard","meta":[],"categories":[16],"tags":[287,332,65,148,113,102,184,222],"_links":{"self":[{"href":"https:\/\/bisbalpenedes.com\/web\/wp-json\/wp\/v2\/posts\/2687"}],"collection":[{"href":"https:\/\/bisbalpenedes.com\/web\/wp-json\/wp\/v2\/posts"}],"about":[{"href":"https:\/\/bisbalpenedes.com\/web\/wp-json\/wp\/v2\/types\/post"}],"author":[{"embeddable":true,"href":"https:\/\/bisbalpenedes.com\/web\/wp-json\/wp\/v2\/users\/4"}],"replies":[{"embeddable":true,"href":"https:\/\/bisbalpenedes.com\/web\/wp-json\/wp\/v2\/comments?post=2687"}],"version-history":[{"count":8,"href":"https:\/\/bisbalpenedes.com\/web\/wp-json\/wp\/v2\/posts\/2687\/revisions"}],"predecessor-version":[{"id":2692,"href":"https:\/\/bisbalpenedes.com\/web\/wp-json\/wp\/v2\/posts\/2687\/revisions\/2692"}],"wp:featuredmedia":[{"embeddable":true,"href":"https:\/\/bisbalpenedes.com\/web\/wp-json\/wp\/v2\/media\/2720"}],"wp:attachment":[{"href":"https:\/\/bisbalpenedes.com\/web\/wp-json\/wp\/v2\/media?parent=2687"}],"wp:term":[{"taxonomy":"category","embeddable":true,"href":"https:\/\/bisbalpenedes.com\/web\/wp-json\/wp\/v2\/categories?post=2687"},{"taxonomy":"post_tag","embeddable":true,"href":"https:\/\/bisbalpenedes.com\/web\/wp-json\/wp\/v2\/tags?post=2687"}],"curies":[{"name":"wp","href":"https:\/\/api.w.org\/{rel}","templated":true}]}}