{"id":26858,"date":"2023-07-21T11:19:27","date_gmt":"2023-07-21T09:19:27","guid":{"rendered":"https:\/\/bisbalpenedes.com\/web\/?p=26858"},"modified":"2023-07-21T11:19:27","modified_gmt":"2023-07-21T09:19:27","slug":"dema-dissabte-obre-de-nou-el-bar-del-local-social-de-can-gordei","status":"publish","type":"post","link":"https:\/\/bisbalpenedes.com\/web\/2023\/07\/21\/dema-dissabte-obre-de-nou-el-bar-del-local-social-de-can-gordei\/","title":{"rendered":"Dem\u00e0 dissabte obre de nou el bar del local social de Can Gordei"},"content":{"rendered":"\n<p>El bar del local social de Can Gordei torna a obrir les portes aquest dissabte 22 de juliol.<br>L\u2019horari ser\u00e0 de 8:45h a 15h i de 18:30h a 22h. Els dilluns romandr\u00e0 tancat per descans setmanal.<\/p>\n\n\n\n<hr class=\"wp-block-separator has-alpha-channel-opacity\"\/>\n\n\n\n<p>El bar del local social de Can Gordei vuelve a abrir sus puertas este s\u00e1bado 22 de julio.<br>El horario ser\u00e1 de 8:45h a 15h y de 18:30h a 22h. Los lunes permanecer\u00e1 cerrado por descanso semanal.<\/p>\n\n\n\n<p><\/p>\n","protected":false},"excerpt":{"rendered":"<p>El bar del local social de Can Gordei torna a obrir les portes aquest dissabte 22 de juliol.L\u2019horari ser\u00e0 de 8:45h a 15h i de 18:30h a 22h. Els dilluns &hellip; <a href=\"https:\/\/bisbalpenedes.com\/web\/2023\/07\/21\/dema-dissabte-obre-de-nou-el-bar-del-local-social-de-can-gordei\/\" class=\"more-link\">Read More<\/a><\/p>\n","protected":false},"author":4,"featured_media":26859,"comment_status":"closed","ping_status":"closed","sticky":false,"template":"","format":"standard","meta":[],"categories":[4287,8],"tags":[393,247],"_links":{"self":[{"href":"https:\/\/bisbalpenedes.com\/web\/wp-json\/wp\/v2\/posts\/26858"}],"collection":[{"href":"https:\/\/bisbalpenedes.com\/web\/wp-json\/wp\/v2\/posts"}],"about":[{"href":"https:\/\/bisbalpenedes.com\/web\/wp-json\/wp\/v2\/types\/post"}],"author":[{"embeddable":true,"href":"https:\/\/bisbalpenedes.com\/web\/wp-json\/wp\/v2\/users\/4"}],"replies":[{"embeddable":true,"href":"https:\/\/bisbalpenedes.com\/web\/wp-json\/wp\/v2\/comments?post=26858"}],"version-history":[{"count":1,"href":"https:\/\/bisbalpenedes.com\/web\/wp-json\/wp\/v2\/posts\/26858\/revisions"}],"predecessor-version":[{"id":26860,"href":"https:\/\/bisbalpenedes.com\/web\/wp-json\/wp\/v2\/posts\/26858\/revisions\/26860"}],"wp:featuredmedia":[{"embeddable":true,"href":"https:\/\/bisbalpenedes.com\/web\/wp-json\/wp\/v2\/media\/26859"}],"wp:attachment":[{"href":"https:\/\/bisbalpenedes.com\/web\/wp-json\/wp\/v2\/media?parent=26858"}],"wp:term":[{"taxonomy":"category","embeddable":true,"href":"https:\/\/bisbalpenedes.com\/web\/wp-json\/wp\/v2\/categories?post=26858"},{"taxonomy":"post_tag","embeddable":true,"href":"https:\/\/bisbalpenedes.com\/web\/wp-json\/wp\/v2\/tags?post=26858"}],"curies":[{"name":"wp","href":"https:\/\/api.w.org\/{rel}","templated":true}]}}