{"id":26828,"date":"2023-07-21T10:18:57","date_gmt":"2023-07-21T08:18:57","guid":{"rendered":"https:\/\/bisbalpenedes.com\/web\/?p=26828"},"modified":"2023-07-21T10:18:57","modified_gmt":"2023-07-21T08:18:57","slug":"lajuntament-continua-preparant-la-diada-castellera-del-15-dagost-aquesta-setmana-lalcaldessa-i-el-regidor-de-festes-shan-reunit-amb-la-colla-vella-dels-xiquets-de-valls","status":"publish","type":"post","link":"https:\/\/bisbalpenedes.com\/web\/2023\/07\/21\/lajuntament-continua-preparant-la-diada-castellera-del-15-dagost-aquesta-setmana-lalcaldessa-i-el-regidor-de-festes-shan-reunit-amb-la-colla-vella-dels-xiquets-de-valls\/","title":{"rendered":"L&#8217;Ajuntament continua preparant la Diada Castellera del 15 d&#8217;agost &#8211; Aquesta setmana l&#8217;alcaldessa i el regidor de Festes s&#8217;han reunit amb la Colla Vella dels Xiquets de Valls"},"content":{"rendered":"\n<p>L\u2019alcaldessa de la Bisbal del Pened\u00e8s, Agn\u00e8s Ferr\u00e9; i el regidor de Festes, Feliu Gil; continuen preparant la diada castellera del 15 d\u2019agost. Aquest dilluns 17 de juliol s&#8217;han reunit amb la junta de la Colla Vella dels Xiquets de Valls. La trobada ha tingut lloc al local de la colla i ha servit per parlar de la diada del 15 d\u2019agost i del vincle casteller de Valls i la Bisbal amb el cap de colla, Manel Urbano; i el president, Xavier Pons.\u00a0<\/p>\n\n\n\n<figure class=\"wp-block-image size-full\"><img loading=\"lazy\" width=\"1024\" height=\"768\" src=\"https:\/\/bisbalpenedes.com\/web\/wp-content\/uploads\/2023\/07\/colla-vella-2.jpeg\" alt=\"\" class=\"wp-image-26833\" srcset=\"https:\/\/bisbalpenedes.com\/web\/wp-content\/uploads\/2023\/07\/colla-vella-2.jpeg 1024w, https:\/\/bisbalpenedes.com\/web\/wp-content\/uploads\/2023\/07\/colla-vella-2-300x225.jpeg 300w, https:\/\/bisbalpenedes.com\/web\/wp-content\/uploads\/2023\/07\/colla-vella-2-768x576.jpeg 768w, https:\/\/bisbalpenedes.com\/web\/wp-content\/uploads\/2023\/07\/colla-vella-2-600x450.jpeg 600w\" sizes=\"(max-width: 1024px) 100vw, 1024px\" \/><\/figure>\n\n\n\n<hr class=\"wp-block-separator has-alpha-channel-opacity\"\/>\n\n\n\n<figure class=\"wp-block-image size-full\"><img loading=\"lazy\" width=\"856\" height=\"700\" src=\"https:\/\/bisbalpenedes.com\/web\/wp-content\/uploads\/2023\/07\/colla-vella-3.jpeg\" alt=\"\" class=\"wp-image-26835\" srcset=\"https:\/\/bisbalpenedes.com\/web\/wp-content\/uploads\/2023\/07\/colla-vella-3.jpeg 856w, https:\/\/bisbalpenedes.com\/web\/wp-content\/uploads\/2023\/07\/colla-vella-3-300x245.jpeg 300w, https:\/\/bisbalpenedes.com\/web\/wp-content\/uploads\/2023\/07\/colla-vella-3-768x628.jpeg 768w, https:\/\/bisbalpenedes.com\/web\/wp-content\/uploads\/2023\/07\/colla-vella-3-600x491.jpeg 600w\" sizes=\"(max-width: 856px) 100vw, 856px\" \/><\/figure>\n\n\n\n<p><strong>CASTELLANO |\u00a0<\/strong>La alcaldesa de la Bisbal del Pened\u00e8s, Agn\u00e8s Ferr\u00e9; y el concejal de Fiestas, Feliu Gil; siguen preparando la diada castellera del 15 de agosto. Este lunes 17 de julio se han reunido con la junta de la Colla Vella dels Xiquets de Valls. El encuentro ha tenido lugar en el local de la entidad y ha servido para hablar de la diada del 15 de agosto y del v\u00ednculo \u2018casteller\u2019 de Valls y la Bisbal con el cap de colla, Manuel Urbano; y el presidente, Xavier Pons.<\/p>\n\n\n\n<p><\/p>\n","protected":false},"excerpt":{"rendered":"<p>L\u2019alcaldessa de la Bisbal del Pened\u00e8s, Agn\u00e8s Ferr\u00e9; i el regidor de Festes, Feliu Gil; continuen preparant la diada castellera del 15 d\u2019agost. Aquest dilluns 17 de juliol s&#8217;han reunit &hellip; <a href=\"https:\/\/bisbalpenedes.com\/web\/2023\/07\/21\/lajuntament-continua-preparant-la-diada-castellera-del-15-dagost-aquesta-setmana-lalcaldessa-i-el-regidor-de-festes-shan-reunit-amb-la-colla-vella-dels-xiquets-de-valls\/\" class=\"more-link\">Read More<\/a><\/p>\n","protected":false},"author":4,"featured_media":26832,"comment_status":"closed","ping_status":"closed","sticky":false,"template":"","format":"standard","meta":[],"categories":[2057,4668,8],"tags":[6118,667,1220,691,393,451],"_links":{"self":[{"href":"https:\/\/bisbalpenedes.com\/web\/wp-json\/wp\/v2\/posts\/26828"}],"collection":[{"href":"https:\/\/bisbalpenedes.com\/web\/wp-json\/wp\/v2\/posts"}],"about":[{"href":"https:\/\/bisbalpenedes.com\/web\/wp-json\/wp\/v2\/types\/post"}],"author":[{"embeddable":true,"href":"https:\/\/bisbalpenedes.com\/web\/wp-json\/wp\/v2\/users\/4"}],"replies":[{"embeddable":true,"href":"https:\/\/bisbalpenedes.com\/web\/wp-json\/wp\/v2\/comments?post=26828"}],"version-history":[{"count":1,"href":"https:\/\/bisbalpenedes.com\/web\/wp-json\/wp\/v2\/posts\/26828\/revisions"}],"predecessor-version":[{"id":26836,"href":"https:\/\/bisbalpenedes.com\/web\/wp-json\/wp\/v2\/posts\/26828\/revisions\/26836"}],"wp:featuredmedia":[{"embeddable":true,"href":"https:\/\/bisbalpenedes.com\/web\/wp-json\/wp\/v2\/media\/26832"}],"wp:attachment":[{"href":"https:\/\/bisbalpenedes.com\/web\/wp-json\/wp\/v2\/media?parent=26828"}],"wp:term":[{"taxonomy":"category","embeddable":true,"href":"https:\/\/bisbalpenedes.com\/web\/wp-json\/wp\/v2\/categories?post=26828"},{"taxonomy":"post_tag","embeddable":true,"href":"https:\/\/bisbalpenedes.com\/web\/wp-json\/wp\/v2\/tags?post=26828"}],"curies":[{"name":"wp","href":"https:\/\/api.w.org\/{rel}","templated":true}]}}