{"id":26798,"date":"2023-07-20T20:15:49","date_gmt":"2023-07-20T18:15:49","guid":{"rendered":"https:\/\/bisbalpenedes.com\/web\/?p=26798"},"modified":"2023-07-20T20:15:49","modified_gmt":"2023-07-20T18:15:49","slug":"la-finalitzacio-de-les-obres-del-poliesportiu-municipal-esta-prevista-per-al-25-dagost","status":"publish","type":"post","link":"https:\/\/bisbalpenedes.com\/web\/2023\/07\/20\/la-finalitzacio-de-les-obres-del-poliesportiu-municipal-esta-prevista-per-al-25-dagost\/","title":{"rendered":"<strong>La finalitzaci\u00f3 de les obres del poliesportiu municipal est\u00e0 prevista per al 25 d\u2019agost<\/strong>"},"content":{"rendered":"\n<p>La Junta de Govern local del dilluns 17 de juliol de 2023 va aprovar dues propostes amb compet\u00e8ncia delegada del Ple a&nbsp; la Junta de Govern mitjan\u00e7ant acord plenari del 6 de juliol de 2023. Una d\u2019elles era la pr\u00f2rroga de les obres de la Fase 1 del poliesportiu municipal.<\/p>\n\n\n\n<p>Les obres del poliesportiu municipal van comen\u00e7ar el mes d\u2019octubre de 2022 i tenen un pressupost total d\u20191.217.445\u20ac (IVA incl\u00f2s). L\u2019empresa encarregada d\u2019executar aquestes obres -corresponents a la rehabilitaci\u00f3 del pavell\u00f3 esportiu i a la construcci\u00f3 dels vestuaris- \u00e9s Construcciones Asensio S.A. (COASA). El 2 de juny, l\u2019empresa va sol\u00b7licitar una pr\u00f2rroga per a l\u2019execuci\u00f3 de les obres fins al 25 d\u2019agost perqu\u00e8 <em>\u201cdurant el transcurs de les obres s\u2019han anat succeint alguns fets sobrevinguts que no han perm\u00e8s mantenir el calendari planificat inicialment\u201d.<\/em><\/p>\n\n\n\n<p>Concretament, citen les seg\u00fcents:<\/p>\n\n\n\n<p>\u201c-Dimensions i disposici\u00f3 de la fonamentaci\u00f3 de l\u2019edifici existent diferents a les previsibles.<\/p>\n\n\n\n<p>-Abs\u00e8ncia d\u2019impermeabilitzacions dels elements situats sota rasant de l\u2019edifici existent.<\/p>\n\n\n\n<p>-Precarietat dels sistemes constructius de la grada nord de l\u2019edifici existent.<\/p>\n\n\n\n<p>-Desviament o protecci\u00f3 de les instal\u00b7lacions de sanejament i electricitat que discorren pel subsol de l\u2019\u00e0mbit d\u2019actuaci\u00f3.<\/p>\n\n\n\n<p>-Enderroc i restituci\u00f3 de l\u2019acc\u00e9s a la galeria de manteniment del vas de la piscina.<\/p>\n\n\n\n<p>-Replantejament de sistemes de generaci\u00f3 d\u2019ACS per alguns de m\u00e9s sostenibles o d\u2019 imminent aplicaci\u00f3 obligat\u00f2ria.\u201d<\/p>\n\n\n\n<p>Us recordem que es sessions de la Junta de Govern Local no s\u00f3n p\u00fabliques, per\u00f2 quan actua amb compet\u00e8ncies delegades del Ple la sessi\u00f3 se sotmet als mateixos requisits de publicitat que les sessions del Ple, que s\u00f3n p\u00fabliques. Aix\u00ed ho va declarar la STS 161\/2013, de 26 de setembre. Per aquest motiu, les portes de la sala de Plens es van obrir a les 13:15h per tal que hi pogu\u00e9s assistir p\u00fablic i tamb\u00e9 es van gravar aquests punts de l\u2019ordre del dia i s\u2019ha publicat el v\u00eddeo a <a href=\"mailto:https:\/\/youtu.be\/QCgKh3cQnOo\">Youtube<\/a> per garantir la seva publicitat. Aix\u00ed mateix, l\u2019alcaldessa de la Bisbal del Pened\u00e8s, Agn\u00e8s Ferr\u00e9, va fer arribar la informaci\u00f3 sobre aquestes propostes a les regidores i regidors de l\u2019oposici\u00f3, mitjan\u00e7ant correu electr\u00f2nic, quan es va convocar la Junta de Govern.<\/p>\n\n\n\n<hr class=\"wp-block-separator has-alpha-channel-opacity\"\/>\n\n\n\n<p><strong>CASTELLANO |<\/strong>&nbsp;La Junta de Gobierno local del lunes 17 de julio de 2023 aprob\u00f3 dos propuestas con competencia delegada del Pleno a la Junta de Gobierno mediante acuerdo plenario del 6 de julio de 2023. Una de ellas era la pr\u00f3rroga de las obras de la Fase 1 del polideportivo municipal.<\/p>\n\n\n\n<p>Las obras del polideportivo municipal empezaron en el mes de octubre de 2022 y tienen un presupuesto total de 1.217.445\u20ac (IVA incluido). La empresa encargada de ejecutar estas obras -correspondientes a la rehabilitaci\u00f3n del pabell\u00f3n deportivo y a la construcci\u00f3n de los vestuarios- es Construcciones Asensio S.A. (COASA). El 2 de junio, la empresa solicit\u00f3 una pr\u00f3rroga para la ejecuci\u00f3n de las obras hasta el 25 de agosto porque &nbsp;<em>\u201ddurante el transcurso de las obras se han ido sucediendo algunos hechos sobrevenidos que no han permitido mantener el calendario planificado inicialmente\u201d.<\/em><\/p>\n\n\n\n<p>Concretamente, se citan las siguientes:<\/p>\n\n\n\n<p>\u201c-Dimensiones y disposici\u00f3n de la fundamentaci\u00f3n del edificio existente distintas a las previsibles.<\/p>\n\n\n\n<p>-Ausencia de impermeabilizaciones de los elementos situados bajo rasante del edificio existente.<\/p>\n\n\n\n<p>-Precariedad de los sistemas constructivos de la grada norte del edificio existente.<\/p>\n\n\n\n<p>-Desv\u00edo o protecci\u00f3n de las instalaciones de saneamiento y electricidad que discurren por el subsuelo del \u00e1mbito de actuaci\u00f3n.<\/p>\n\n\n\n<p>-Derru\u00eddo y restituci\u00f3n del acceso a la galer\u00eda de mantenimiento del vaso de la piscina.<\/p>\n\n\n\n<p>-Replanteamiento de sistemas de generaci\u00f3n de ACS por algunos de m\u00e1s sostenibles o de inminente aplicaci\u00f3n obligatoria.\u201d<\/p>\n\n\n\n<p>Os recordamos que las sesiones de la Junta de Gobierno Local no son p\u00fablicas, pero cuando act\u00faa con competencias delegadas del Pleno la sesi\u00f3n se somete a los mismos requisitos de publicidad que las sesiones del Pleno, que son p\u00fablicas. As\u00ed lo declar\u00f3 la STS 161\/2013, DE 26 de septiembre. Por este motivo, las puertas de la sala de Plenos se abrieron a las 13:15h con tal que pudiese asistir p\u00fablico y tambi\u00e9n se grabaron estos puntos del orden del d\u00eda y se ha publicado en v\u00eddeo en<a href=\"mailto:https:\/\/youtu.be\/QCgKh3cQnOo\">&nbsp;Youtube<\/a>&nbsp;para garantizar su publicidad. As\u00ed mismo, la alcaldesa de la Bisbal del Pened\u00e8s, Agn\u00e8s Ferr\u00e9, hizo llegar la informaci\u00f3n sobre estas propuestas a las concejalas y concejales de la oposici\u00f3n, mediante correo electr\u00f3nico, cuando se convoc\u00f3 la Junta de Gobierno.<\/p>\n","protected":false},"excerpt":{"rendered":"<p>La Junta de Govern local del dilluns 17 de juliol de 2023 va aprovar dues propostes amb compet\u00e8ncia delegada del Ple a&nbsp; la Junta de Govern mitjan\u00e7ant acord plenari del &hellip; <a href=\"https:\/\/bisbalpenedes.com\/web\/2023\/07\/20\/la-finalitzacio-de-les-obres-del-poliesportiu-municipal-esta-prevista-per-al-25-dagost\/\" class=\"more-link\">Read More<\/a><\/p>\n","protected":false},"author":4,"featured_media":26800,"comment_status":"closed","ping_status":"closed","sticky":false,"template":"","format":"standard","meta":[],"categories":[8],"tags":[459,3459,6116,393,21,1374,483],"_links":{"self":[{"href":"https:\/\/bisbalpenedes.com\/web\/wp-json\/wp\/v2\/posts\/26798"}],"collection":[{"href":"https:\/\/bisbalpenedes.com\/web\/wp-json\/wp\/v2\/posts"}],"about":[{"href":"https:\/\/bisbalpenedes.com\/web\/wp-json\/wp\/v2\/types\/post"}],"author":[{"embeddable":true,"href":"https:\/\/bisbalpenedes.com\/web\/wp-json\/wp\/v2\/users\/4"}],"replies":[{"embeddable":true,"href":"https:\/\/bisbalpenedes.com\/web\/wp-json\/wp\/v2\/comments?post=26798"}],"version-history":[{"count":1,"href":"https:\/\/bisbalpenedes.com\/web\/wp-json\/wp\/v2\/posts\/26798\/revisions"}],"predecessor-version":[{"id":26801,"href":"https:\/\/bisbalpenedes.com\/web\/wp-json\/wp\/v2\/posts\/26798\/revisions\/26801"}],"wp:featuredmedia":[{"embeddable":true,"href":"https:\/\/bisbalpenedes.com\/web\/wp-json\/wp\/v2\/media\/26800"}],"wp:attachment":[{"href":"https:\/\/bisbalpenedes.com\/web\/wp-json\/wp\/v2\/media?parent=26798"}],"wp:term":[{"taxonomy":"category","embeddable":true,"href":"https:\/\/bisbalpenedes.com\/web\/wp-json\/wp\/v2\/categories?post=26798"},{"taxonomy":"post_tag","embeddable":true,"href":"https:\/\/bisbalpenedes.com\/web\/wp-json\/wp\/v2\/tags?post=26798"}],"curies":[{"name":"wp","href":"https:\/\/api.w.org\/{rel}","templated":true}]}}