{"id":2678,"date":"2017-06-22T02:51:32","date_gmt":"2017-06-21T20:51:32","guid":{"rendered":"http:\/\/bisbalpenedes.com\/web\/?p=2678"},"modified":"2017-06-22T03:17:08","modified_gmt":"2017-06-21T21:17:08","slug":"el-ple-de-lajuntament-de-la-bisbal-del-penedes-ha-aprovat-el-codi-etic-i-de-bona-conducta","status":"publish","type":"post","link":"https:\/\/bisbalpenedes.com\/web\/2017\/06\/22\/el-ple-de-lajuntament-de-la-bisbal-del-penedes-ha-aprovat-el-codi-etic-i-de-bona-conducta\/","title":{"rendered":"El Ple de l\u2019Ajuntament de La Bisbal del Pened\u00e8s ha aprovat el Codi \u00c8tic i de Bona Conducta"},"content":{"rendered":"<p><strong>El Ple de l\u2019Ajuntament de La Bisbal del Pened\u00e8s ha aprovat el Codi \u00c8tic i de Bona Conducta<\/strong><\/p>\n<p style=\"text-align: justify;\">Aquest dilluns 19 de maig l\u2019Ajuntament de La Bisbal del Pened\u00e8s ha aprovat el Codi \u00c8tic i de Bona Conducta del municipi, un document que han d\u2019aprovar tots els ajuntaments d\u2019acord a la Llei 19\/2014 de 29 de desembre de transpar\u00e8ncia, acc\u00e9s a la informaci\u00f3 p\u00fablica i bon govern. Es tracta d\u2019un document que serveix per a garantir que tots els membres de la Corporaci\u00f3 actuen complint la legalitat amb objectivitat i pel b\u00e9 com\u00fa.<\/p>\n<p style=\"text-align: justify;\">El mar\u00e7 de 2017 la Xarxa de Governs Transparents de Catalunya, juntament amb la Generalitat de Catalunya, l\u2019Administraci\u00f3 Oberta de Catalunya (AOC), l\u2019Associaci\u00f3 Catalana de Municipis i Comarques (ACM), les quatre Diputacions catalanes i el Consorci Localret van finalitzar un model de codi de conducta dels alts c\u00e0rrecs dels ens locals perqu\u00e8 els ajuntaments tinguin un model per confeccionar un Codi \u00c8tic i de Bona Conducta.<\/p>\n<p style=\"text-align: justify;\">Aquest codi implica a tots els membres del Consistori i \u00e9s per aix\u00f2 que el passat 23 de maig de 2017 des d\u2019alcaldia es va enviar als partits pol\u00edtics amb representaci\u00f3 consistorial la proposta del ROM perqu\u00e8 fins al dia 1 de juny poguessin presentar propostes de modificaci\u00f3 del reglament. En aquest termini no es va rebre cap proposta. La proposta es va aprovar amb els vots a favor del PDeCAT (5) i el PSC (1) i els vots en contra d\u2019ERC (5)<\/p>\n<p style=\"text-align: justify;\">El codi \u00e8tic \u00e9s aplicable als membres de la Corporaci\u00f3 local i al c\u00e0rrec de confian\u00e7a. Es tracta d\u2019un codi de sentit com\u00fa que han de tenir assumit tots els regidors\/res i c\u00e0rrecs de confian\u00e7a des de l\u2019inici de la legislatura.<\/p>\n<p><span style=\"text-decoration: underline;\">Els principis \u00e8tics i de bon govern s\u00f3n<\/span>:<\/p>\n<p style=\"padding-left: 30px;\">&#8211;\u00a0\u00a0\u00a0\u00a0\u00a0 Integritat i exemplaritat<\/p>\n<p style=\"padding-left: 30px;\">&#8211;\u00a0\u00a0\u00a0\u00a0\u00a0 Igualtat de tracte<\/p>\n<p style=\"padding-left: 30px;\">&#8211;\u00a0\u00a0\u00a0\u00a0\u00a0 Imparcialitat, independ\u00e8ncia i neutralitat<\/p>\n<p style=\"padding-left: 30px;\">&#8211;\u00a0\u00a0\u00a0\u00a0\u00a0 Responsabilitat i professionalitat<\/p>\n<p style=\"padding-left: 30px;\">&#8211;\u00a0\u00a0\u00a0\u00a0\u00a0 Inter\u00e9s p\u00fablic general<\/p>\n<p style=\"padding-left: 30px;\">&#8211;\u00a0\u00a0\u00a0\u00a0\u00a0 Transpar\u00e8ncia i rendici\u00f3 de comptes<\/p>\n<p style=\"padding-left: 30px;\">&#8211;\u00a0\u00a0\u00a0\u00a0\u00a0 Participaci\u00f3<\/p>\n<p style=\"padding-left: 30px;\">&#8211;\u00a0\u00a0\u00a0\u00a0\u00a0 Qualitat<\/p>\n<p style=\"padding-left: 30px;\">&#8211;\u00a0\u00a0\u00a0\u00a0\u00a0 Accessibilitat i simplificaci\u00f3<\/p>\n<p style=\"padding-left: 30px;\">&#8211;\u00a0\u00a0\u00a0\u00a0\u00a0 Agilitat, efici\u00e8ncia i efic\u00e0cia<\/p>\n<p style=\"padding-left: 30px;\">&#8211;\u00a0\u00a0\u00a0\u00a0\u00a0 Col\u00b7laboraci\u00f3 i coordinaci\u00f3 interadministrativa<\/p>\n<p style=\"padding-left: 30px;\">&#8211;\u00a0\u00a0\u00a0\u00a0\u00a0 Modernitzaci\u00f3 i millora cont\u00ednua<\/p>\n<p style=\"padding-left: 30px;\">&#8211;\u00a0\u00a0\u00a0\u00a0\u00a0 I cultura \u00e8tica<\/p>\n<p><span style=\"text-decoration: underline;\">Les normes de conducta<\/span> s\u00f3n actuar:<\/p>\n<p style=\"padding-left: 30px;\">&#8211;\u00a0\u00a0\u00a0\u00a0\u00a0 Amb independ\u00e8ncia<\/p>\n<p style=\"padding-left: 30px;\">&#8211;\u00a0\u00a0\u00a0\u00a0\u00a0 Abstenir-se de participar en assumptes que tinguin un inter\u00e8s personal directe o indirecte<\/p>\n<p style=\"padding-left: 30px;\">&#8211;\u00a0\u00a0\u00a0\u00a0\u00a0 Acceptar nom\u00e9s regals de cortesia, invitacions per \u00e0pats i pagament de despla\u00e7aments relacionats amb el paper institucional<\/p>\n<p style=\"padding-left: 30px;\">&#8211;\u00a0\u00a0\u00a0\u00a0\u00a0 Fent \u00fas de criteris objectius en la presa de decisions<\/p>\n<p style=\"padding-left: 30px;\">&#8211;\u00a0\u00a0\u00a0\u00a0\u00a0 Publicar en el portal de transpar\u00e8ncia les entrevistes, reunions o similars amb grups d\u2019inter\u00e8s.<\/p>\n<p><span style=\"text-decoration: underline;\">Els compromisos amb la ciutadania<\/span> s\u00f3n:<\/p>\n<p style=\"padding-left: 30px;\">&#8211;\u00a0\u00a0\u00a0\u00a0\u00a0 Informar<\/p>\n<p style=\"padding-left: 30px;\">&#8211;\u00a0\u00a0\u00a0\u00a0\u00a0 Mantenir la confidencialitat i reserva de la informaci\u00f3 que obtenim en funci\u00f3 del c\u00e0rrec<\/p>\n<p style=\"padding-left: 30px;\">&#8211;\u00a0\u00a0\u00a0\u00a0\u00a0 Gestionar els recursos p\u00fablics d\u2019acord amb la legalitat pressupost\u00e0ria<\/p>\n<p style=\"padding-left: 30px;\">&#8211;\u00a0\u00a0\u00a0\u00a0\u00a0 Dissenyar estrat\u00e8gies i iniciatives que promoguin el di\u00e0leg i la conviv\u00e8ncia entre la ciutadania. Aqu\u00ed hi entra alguns dels instruments que hem definit al ROM<\/p>\n<p style=\"text-align: justify;\">En el cas d\u2019incompliment del Codi \u00c8tic i de Bona Conducta s\u2019aplica el r\u00e8gim sancionador que s\u2019estableix al cap\u00edtol II de la Llei 19\/2014, del 29 de desembre de transpar\u00e8ncia, acc\u00e9s a la informaci\u00f3 p\u00fablica i bon govern. Val a dir que no s\u2019aplicar\u00e0 quan els fets puguin ser constitutius d\u2019infracci\u00f3 penal.<\/p>\n<p>&nbsp;<\/p>\n","protected":false},"excerpt":{"rendered":"<p>El Ple de l\u2019Ajuntament de La Bisbal del Pened\u00e8s ha aprovat el Codi \u00c8tic i de Bona Conducta Aquest dilluns 19 de maig l\u2019Ajuntament de La Bisbal del Pened\u00e8s ha &hellip; <a href=\"https:\/\/bisbalpenedes.com\/web\/2017\/06\/22\/el-ple-de-lajuntament-de-la-bisbal-del-penedes-ha-aprovat-el-codi-etic-i-de-bona-conducta\/\" class=\"more-link\">Read More<\/a><\/p>\n","protected":false},"author":4,"featured_media":2174,"comment_status":"closed","ping_status":"closed","sticky":false,"template":"","format":"standard","meta":[],"categories":[4],"tags":[571,570,480,139,572],"_links":{"self":[{"href":"https:\/\/bisbalpenedes.com\/web\/wp-json\/wp\/v2\/posts\/2678"}],"collection":[{"href":"https:\/\/bisbalpenedes.com\/web\/wp-json\/wp\/v2\/posts"}],"about":[{"href":"https:\/\/bisbalpenedes.com\/web\/wp-json\/wp\/v2\/types\/post"}],"author":[{"embeddable":true,"href":"https:\/\/bisbalpenedes.com\/web\/wp-json\/wp\/v2\/users\/4"}],"replies":[{"embeddable":true,"href":"https:\/\/bisbalpenedes.com\/web\/wp-json\/wp\/v2\/comments?post=2678"}],"version-history":[{"count":2,"href":"https:\/\/bisbalpenedes.com\/web\/wp-json\/wp\/v2\/posts\/2678\/revisions"}],"predecessor-version":[{"id":2683,"href":"https:\/\/bisbalpenedes.com\/web\/wp-json\/wp\/v2\/posts\/2678\/revisions\/2683"}],"wp:featuredmedia":[{"embeddable":true,"href":"https:\/\/bisbalpenedes.com\/web\/wp-json\/wp\/v2\/media\/2174"}],"wp:attachment":[{"href":"https:\/\/bisbalpenedes.com\/web\/wp-json\/wp\/v2\/media?parent=2678"}],"wp:term":[{"taxonomy":"category","embeddable":true,"href":"https:\/\/bisbalpenedes.com\/web\/wp-json\/wp\/v2\/categories?post=2678"},{"taxonomy":"post_tag","embeddable":true,"href":"https:\/\/bisbalpenedes.com\/web\/wp-json\/wp\/v2\/tags?post=2678"}],"curies":[{"name":"wp","href":"https:\/\/api.w.org\/{rel}","templated":true}]}}