{"id":26779,"date":"2023-07-20T19:59:53","date_gmt":"2023-07-20T17:59:53","guid":{"rendered":"https:\/\/bisbalpenedes.com\/web\/?p=26779"},"modified":"2023-07-20T19:59:53","modified_gmt":"2023-07-20T17:59:53","slug":"es-convoca-la-comissio-especial-de-comptes-de-lexercici-2022-per-al-dijous-10-dagost","status":"publish","type":"post","link":"https:\/\/bisbalpenedes.com\/web\/2023\/07\/20\/es-convoca-la-comissio-especial-de-comptes-de-lexercici-2022-per-al-dijous-10-dagost\/","title":{"rendered":"<strong>Es convoca la Comissi\u00f3 especial de comptes de l\u2019exercici 2022 per al dijous 10 d\u2019agost<\/strong>"},"content":{"rendered":"\n<p>Avui dijous s\u2019ha convocat la Comissi\u00f3 Especial de Comptes de l\u2019exercici 2022 per al dijous 10 d\u2019agost, a les 10h. La Comissi\u00f3 Especial de Comptes t\u00e9 l\u2019objectiu d\u2019examinar, estudiar i informar del Compte General anual del Pressupost de l\u2019Ajuntament de la Bisbal del Pened\u00e8s en compliment d\u2019all\u00f2 que disposa la Llei i el ROM. La convocat\u00f2ria es fa amb m\u00e9s de quinze dies d\u2019antelaci\u00f3 amb la finalitat que els regidors i les regidores puguin consultar la documentaci\u00f3 de l\u2019expedient, tant electr\u00f2nicament com presencialment.<\/p>\n\n\n\n<p>La Comissi\u00f3 de Comptes est\u00e0 integrada per un membre de cada grup pol\u00edtic de la corporaci\u00f3 municipal, amb vot ponderat. En aquest cas:<\/p>\n\n\n\n<ul><li>Feliu Gil en representaci\u00f3 de Comprom\u00eds amb la Bisbal (5 vots ponderats)<\/li><li>Mart\u00edn Deluca en representaci\u00f3 de La Bisbal decideix (2 vots ponderats)<\/li><li>Maguy Antol\u00edn en representaci\u00f3 de Tots som la Bisbal-Urbanizaciones unidas (2 vots ponderats)<\/li><li>Daniel Caballero en representaci\u00f3 del PSC (1 vot ponderat)<\/li><li>S\u00edlvia Monfort en representaci\u00f3 d\u2019ERC (1 vot ponderat)<\/li><\/ul>\n\n\n\n<p>Tamb\u00e9 pren part de la Comissi\u00f3 de comptes l\u2019alcaldessa de la Bisbal del Pened\u00e8s, Agn\u00e8s Ferr\u00e9, com a presidenta.<\/p>\n\n\n\n<hr class=\"wp-block-separator has-alpha-channel-opacity\"\/>\n\n\n\n<p><strong>CASTELLANO |<\/strong> Hoy jueves se ha convocado la Comisi\u00f3n Especial de Cuentas del ejercicio 2022 para el jueves 10 de agosto, a las 10h. La Comisi\u00f3n Especial de Cuentas tiene el objetivo de examinar, estudiar e informar de la Cuenta General anual del Presupuesto del Ayuntamiento de la Bisbal del Pened\u00e8s en cumplimiento de aquello que dispone la Ley y el ROM. La convocatoria se hace con m\u00e1s de quince d\u00edas de antelaci\u00f3n con la finalidad de que los concejales y concejalas puedan consultar la documentaci\u00f3n del expediente, tanto electr\u00f3nicamente como presencialmente.<\/p>\n\n\n\n<p>La Comisi\u00f3n de Cuentas est\u00e1 integrada por un miembro de cada grupo pol\u00edtico de la corporaci\u00f3n municipal, con voto ponderado. En este caso:<\/p>\n\n\n\n<ul><li>Feliu Gil en representaci\u00f3n de Comprom\u00eds amb la Bisbal (5 votos ponderados)<\/li><li>Mart\u00edn Deluca en representaci\u00f3n de La Bisbal decideix (2 votos ponderados)<\/li><li>Maguy Antol\u00edn en representaci\u00f3n de Tots som la Bisbal-Urbanizaciones unidas (2 votos ponderados)<\/li><li>Daniel Caballero en representaci\u00f3n del PSC (1 voto ponderado)<\/li><li>S\u00edlvia Monfort en representaci\u00f3n de ERC (1 voto ponderado)<\/li><\/ul>\n\n\n\n<p>Tambi\u00e9n toma parte de la Comisi\u00f3n de cuentas la alcaldesa de la Bisbal del Pened\u00e8s, Agn\u00e8s Ferr\u00e9, como presidenta.<\/p>\n","protected":false},"excerpt":{"rendered":"<p>Avui dijous s\u2019ha convocat la Comissi\u00f3 Especial de Comptes de l\u2019exercici 2022 per al dijous 10 d\u2019agost, a les 10h. La Comissi\u00f3 Especial de Comptes t\u00e9 l\u2019objectiu d\u2019examinar, estudiar i &hellip; <a href=\"https:\/\/bisbalpenedes.com\/web\/2023\/07\/20\/es-convoca-la-comissio-especial-de-comptes-de-lexercici-2022-per-al-dijous-10-dagost\/\" class=\"more-link\">Read More<\/a><\/p>\n","protected":false},"author":4,"featured_media":26793,"comment_status":"closed","ping_status":"closed","sticky":false,"template":"","format":"standard","meta":[],"categories":[3835,8],"tags":[2077,3941,393],"_links":{"self":[{"href":"https:\/\/bisbalpenedes.com\/web\/wp-json\/wp\/v2\/posts\/26779"}],"collection":[{"href":"https:\/\/bisbalpenedes.com\/web\/wp-json\/wp\/v2\/posts"}],"about":[{"href":"https:\/\/bisbalpenedes.com\/web\/wp-json\/wp\/v2\/types\/post"}],"author":[{"embeddable":true,"href":"https:\/\/bisbalpenedes.com\/web\/wp-json\/wp\/v2\/users\/4"}],"replies":[{"embeddable":true,"href":"https:\/\/bisbalpenedes.com\/web\/wp-json\/wp\/v2\/comments?post=26779"}],"version-history":[{"count":1,"href":"https:\/\/bisbalpenedes.com\/web\/wp-json\/wp\/v2\/posts\/26779\/revisions"}],"predecessor-version":[{"id":26794,"href":"https:\/\/bisbalpenedes.com\/web\/wp-json\/wp\/v2\/posts\/26779\/revisions\/26794"}],"wp:featuredmedia":[{"embeddable":true,"href":"https:\/\/bisbalpenedes.com\/web\/wp-json\/wp\/v2\/media\/26793"}],"wp:attachment":[{"href":"https:\/\/bisbalpenedes.com\/web\/wp-json\/wp\/v2\/media?parent=26779"}],"wp:term":[{"taxonomy":"category","embeddable":true,"href":"https:\/\/bisbalpenedes.com\/web\/wp-json\/wp\/v2\/categories?post=26779"},{"taxonomy":"post_tag","embeddable":true,"href":"https:\/\/bisbalpenedes.com\/web\/wp-json\/wp\/v2\/tags?post=26779"}],"curies":[{"name":"wp","href":"https:\/\/api.w.org\/{rel}","templated":true}]}}