{"id":26776,"date":"2023-07-20T10:24:16","date_gmt":"2023-07-20T08:24:16","guid":{"rendered":"https:\/\/bisbalpenedes.com\/web\/?p=26776"},"modified":"2023-07-20T10:24:16","modified_gmt":"2023-07-20T08:24:16","slug":"sadjudiquen-provisionalment-les-obres-de-millora-de-les-infraestructures-del-barri-de-la-riba","status":"publish","type":"post","link":"https:\/\/bisbalpenedes.com\/web\/2023\/07\/20\/sadjudiquen-provisionalment-les-obres-de-millora-de-les-infraestructures-del-barri-de-la-riba\/","title":{"rendered":"<strong>S\u2019adjudiquen provisionalment les obres de millora de les infraestructures del barri de la Riba<\/strong>"},"content":{"rendered":"\n<p>La Junta de Govern local del dilluns 17 de juliol de 2023 va aprovar dues propostes amb compet\u00e8ncia delegada del Ple a la Junta de Govern mitjan\u00e7ant acord plenari del 6 de juliol de 2023. Una d\u2019elles era l\u2019adjudicaci\u00f3 provisional de les obres de millora de les infraestructures del barri de la Riba.<\/p>\n\n\n\n<p>Les obres del barri de la Riba estan pressupostades en 1.063.364,44\u20ac (IVA incl\u00f2s) i s\u2019han presentat un total de 5 empreses a la licitaci\u00f3. La mesa de valoraci\u00f3 va proposar l\u2019adjudicaci\u00f3 de les obres a l\u2019empresa que ha obtingut m\u00e9s puntuaci\u00f3: Gesti\u00f3n Ingenier\u00eda y Construcci\u00f3n de la Costa Dorada S.A. La proposta d\u2019aquesta empresa ascendeix a 928.885,39\u20ac i ara l\u2019Ajuntament ha requerit a l\u2019empresa perqu\u00e8 presenti la garantia i la documentaci\u00f3 necess\u00e0ria per poder adjudicar l\u2019obra definitivament.<\/p>\n\n\n\n<p>Us recordem que es sessions de la Junta de Govern Local no s\u00f3n p\u00fabliques, per\u00f2 quan actua amb compet\u00e8ncies delegades del Ple la sessi\u00f3 se sotmet als mateixos requisits de publicitat que les sessions del Ple, que s\u00f3n p\u00fabliques. Aix\u00ed ho va declarar la STS 161\/2013, de 26 de setembre. Per aquest motiu, les portes de la sala de Plens es van obrir a les 13:15h per tal que hi pogu\u00e9s assistir p\u00fablic i tamb\u00e9 es van gravar aquests punts de l\u2019ordre del dia i s\u2019ha publicat el v\u00eddeo a <a href=\"mailto:https:\/\/youtu.be\/s6m1hqjMoF0\">Youtube<\/a> per garantir la seva publicitat. Aix\u00ed mateix, l\u2019alcaldessa de la Bisbal del Pened\u00e8s, Agn\u00e8s Ferr\u00e9, va fer arribar la informaci\u00f3 sobre aquestes propostes a les regidores i regidors de l\u2019oposici\u00f3, mitjan\u00e7ant correu electr\u00f2nic, quan es va convocar la Junta de Govern.<\/p>\n\n\n\n<hr class=\"wp-block-separator has-alpha-channel-opacity\"\/>\n\n\n\n<p><strong>CASTELLANO |<\/strong> La Junta de Gobierno local del lunes 17 de julio de 2023 aprob\u00f3 dos propuestas con competencia delegada del Pleno a la Junta de Gobierno mediante acuerdo plenario del 6 de julio de 2023. Una de ellas era la adjudicaci\u00f3n provisional de las obras de mejora de las infraestructuras del barrio de la Riba.<\/p>\n\n\n\n<p>Las obras del barrio de la Riba est\u00e1n presupuestadas en 1.063.364,44\u20ac (IVA incluido) y se han presentado un total de 5 empresas a la licitaci\u00f3n. La mesa de valoraci\u00f3n propuso la adjudicaci\u00f3n de las obras a la empresa que ha obtenido m\u00e1s puntuaci\u00f3n: Gesti\u00f3n Ingenier\u00eda y Construcci\u00f3n de la Costa Dorada S.A. La propuesta de esta empresa asciende a 928.885,39\u20ac y ahora el Ayuntamiento ha requerido a la empresa para que presente la garant\u00eda y la documentaci\u00f3n para poder adjudicar la obra definitivamente.<\/p>\n\n\n\n<p>Os recordamos que las sesiones de la Junta de Gobierno Local no son p\u00fablicas, pero cuando act\u00faa con competencias delegadas del Pleno la sesi\u00f3n se somete a los mismos requisitos de publicidad que las sesiones del Pleno, que son p\u00fablicas. As\u00ed lo declar\u00f3 la STS 161\/2013, DE 26 de septiembre. Por este motivo, las puertas de la sala de Plenos se abrieron a las 13:15h con tal que pudiese asistir p\u00fablico y tambi\u00e9n se grabaron estos puntos del orden del d\u00eda y se ha publicado en v\u00eddeo en <a href=\"mailto:https:\/\/youtu.be\/s6m1hqjMoF0\">Youtube<\/a> para garantizar su publicidad. As\u00ed mismo, la alcaldesa de la Bisbal del Pened\u00e8s, Agn\u00e8s Ferr\u00e9, hizo llegar la informaci\u00f3n sobre estas propuestas a las concejalas y concejales de la oposici\u00f3n, mediante correo electr\u00f3nico, cuando se convoc\u00f3 la Junta de Gobierno.<\/p>\n","protected":false},"excerpt":{"rendered":"<p>La Junta de Govern local del dilluns 17 de juliol de 2023 va aprovar dues propostes amb compet\u00e8ncia delegada del Ple a la Junta de Govern mitjan\u00e7ant acord plenari del &hellip; <a href=\"https:\/\/bisbalpenedes.com\/web\/2023\/07\/20\/sadjudiquen-provisionalment-les-obres-de-millora-de-les-infraestructures-del-barri-de-la-riba\/\" class=\"more-link\">Read More<\/a><\/p>\n","protected":false},"author":4,"featured_media":25797,"comment_status":"closed","ping_status":"closed","sticky":false,"template":"","format":"standard","meta":[],"categories":[8,15],"tags":[459,3115,4175,4427,686,393,6115,1374],"_links":{"self":[{"href":"https:\/\/bisbalpenedes.com\/web\/wp-json\/wp\/v2\/posts\/26776"}],"collection":[{"href":"https:\/\/bisbalpenedes.com\/web\/wp-json\/wp\/v2\/posts"}],"about":[{"href":"https:\/\/bisbalpenedes.com\/web\/wp-json\/wp\/v2\/types\/post"}],"author":[{"embeddable":true,"href":"https:\/\/bisbalpenedes.com\/web\/wp-json\/wp\/v2\/users\/4"}],"replies":[{"embeddable":true,"href":"https:\/\/bisbalpenedes.com\/web\/wp-json\/wp\/v2\/comments?post=26776"}],"version-history":[{"count":1,"href":"https:\/\/bisbalpenedes.com\/web\/wp-json\/wp\/v2\/posts\/26776\/revisions"}],"predecessor-version":[{"id":26777,"href":"https:\/\/bisbalpenedes.com\/web\/wp-json\/wp\/v2\/posts\/26776\/revisions\/26777"}],"wp:featuredmedia":[{"embeddable":true,"href":"https:\/\/bisbalpenedes.com\/web\/wp-json\/wp\/v2\/media\/25797"}],"wp:attachment":[{"href":"https:\/\/bisbalpenedes.com\/web\/wp-json\/wp\/v2\/media?parent=26776"}],"wp:term":[{"taxonomy":"category","embeddable":true,"href":"https:\/\/bisbalpenedes.com\/web\/wp-json\/wp\/v2\/categories?post=26776"},{"taxonomy":"post_tag","embeddable":true,"href":"https:\/\/bisbalpenedes.com\/web\/wp-json\/wp\/v2\/tags?post=26776"}],"curies":[{"name":"wp","href":"https:\/\/api.w.org\/{rel}","templated":true}]}}