{"id":26773,"date":"2023-07-20T09:52:49","date_gmt":"2023-07-20T07:52:49","guid":{"rendered":"https:\/\/bisbalpenedes.com\/web\/?p=26773"},"modified":"2023-07-20T09:52:49","modified_gmt":"2023-07-20T07:52:49","slug":"la-celebracio-de-santa-cristina-del-dia-24-de-juliol-no-es-fara-a-lermita-es-dura-a-terme-a-lesglesia-de-santa-maria","status":"publish","type":"post","link":"https:\/\/bisbalpenedes.com\/web\/2023\/07\/20\/la-celebracio-de-santa-cristina-del-dia-24-de-juliol-no-es-fara-a-lermita-es-dura-a-terme-a-lesglesia-de-santa-maria\/","title":{"rendered":"La celebraci\u00f3 de Santa Cristina del dia 24 de juliol no es far\u00e0 a l\u2019ermita: es dur\u00e0 a terme a l\u2019esgl\u00e9sia de Santa Maria"},"content":{"rendered":"\n<p>Tenint en compte l\u2019elevat risc d\u2019incendi forestal, enguany la celebraci\u00f3 de Santa Cristina del dia 24 de juliol no es far\u00e0 a l\u2019ermita, sin\u00f3 que es dur\u00e0 a terme a l\u2019esgl\u00e9sia de Santa Maria. Els dies 22 i 23 de juliol tamb\u00e9 es faran misses, una d\u2019elles al local social de l\u2019Esplai, coincidint amb la festa del barri.&nbsp;<\/p>\n\n\n\n<hr class=\"wp-block-separator has-alpha-channel-opacity\"\/>\n\n\n\n<p>Teniendo en cuenta el elevado riesgo de incendio forestal, este a\u00f1o la celebraci\u00f3n de Santa Cristina del d\u00eda 24 de julio no se har\u00e1 en la ermita, sino que se llevar\u00e1 a cabo en la iglesia de Santa Mar\u00eda. Los d\u00edas 22 y 23 de julio tambi\u00e9n se har\u00e1n misas, una de ellas en el local social del Esplai, coincidiendo con la fiesta del barrio.<\/p>\n","protected":false},"excerpt":{"rendered":"<p>Tenint en compte l\u2019elevat risc d\u2019incendi forestal, enguany la celebraci\u00f3 de Santa Cristina del dia 24 de juliol no es far\u00e0 a l\u2019ermita, sin\u00f3 que es dur\u00e0 a terme a &hellip; <a href=\"https:\/\/bisbalpenedes.com\/web\/2023\/07\/20\/la-celebracio-de-santa-cristina-del-dia-24-de-juliol-no-es-fara-a-lermita-es-dura-a-terme-a-lesglesia-de-santa-maria\/\" class=\"more-link\">Read More<\/a><\/p>\n","protected":false},"author":4,"featured_media":26774,"comment_status":"closed","ping_status":"closed","sticky":false,"template":"","format":"standard","meta":[],"categories":[20,8],"tags":[557,637,1113,623],"_links":{"self":[{"href":"https:\/\/bisbalpenedes.com\/web\/wp-json\/wp\/v2\/posts\/26773"}],"collection":[{"href":"https:\/\/bisbalpenedes.com\/web\/wp-json\/wp\/v2\/posts"}],"about":[{"href":"https:\/\/bisbalpenedes.com\/web\/wp-json\/wp\/v2\/types\/post"}],"author":[{"embeddable":true,"href":"https:\/\/bisbalpenedes.com\/web\/wp-json\/wp\/v2\/users\/4"}],"replies":[{"embeddable":true,"href":"https:\/\/bisbalpenedes.com\/web\/wp-json\/wp\/v2\/comments?post=26773"}],"version-history":[{"count":1,"href":"https:\/\/bisbalpenedes.com\/web\/wp-json\/wp\/v2\/posts\/26773\/revisions"}],"predecessor-version":[{"id":26775,"href":"https:\/\/bisbalpenedes.com\/web\/wp-json\/wp\/v2\/posts\/26773\/revisions\/26775"}],"wp:featuredmedia":[{"embeddable":true,"href":"https:\/\/bisbalpenedes.com\/web\/wp-json\/wp\/v2\/media\/26774"}],"wp:attachment":[{"href":"https:\/\/bisbalpenedes.com\/web\/wp-json\/wp\/v2\/media?parent=26773"}],"wp:term":[{"taxonomy":"category","embeddable":true,"href":"https:\/\/bisbalpenedes.com\/web\/wp-json\/wp\/v2\/categories?post=26773"},{"taxonomy":"post_tag","embeddable":true,"href":"https:\/\/bisbalpenedes.com\/web\/wp-json\/wp\/v2\/tags?post=26773"}],"curies":[{"name":"wp","href":"https:\/\/api.w.org\/{rel}","templated":true}]}}