{"id":267,"date":"2012-10-23T18:31:48","date_gmt":"2012-10-23T12:31:48","guid":{"rendered":"http:\/\/bisbalpenedes.com\/web\/?p=267"},"modified":"2012-10-23T18:59:49","modified_gmt":"2012-10-23T12:59:49","slug":"la-marato-2012","status":"publish","type":"post","link":"https:\/\/bisbalpenedes.com\/web\/2012\/10\/23\/la-marato-2012\/","title":{"rendered":"La Marat\u00f3 2012"},"content":{"rendered":"<p>El proper dia 16 de desembre te lloc com cada any la Marat\u00f3 de TV3, i com cada any, l&#8217;Ajuntament de la Bisbal del Pened\u00e8s hi col.labora amb un seguit d&#8217;actes solidaris que aporten la nostra petita part d&#8217;ajuda a sol.lucionar un problema tan greu com \u00e9s el c\u00e0ncer.<\/p>\n<h2>Dissabte 15 de desembre<\/h2>\n<h3>Supera el c\u00e0ncer<\/h3>\n<p>Xerrada col.loqui contra el c\u00e0ncer, al Centre Municipal de Cultura<\/p>\n<h2>Diumenge 16 de desembre<\/h2>\n<h3>Caminada solid\u00e0ria<\/h3>\n<p>A partir de les 10 del mat\u00ed. Sortint des de la pista d&#8217;Skate del carrer Safareigs inaugurem un itinerari saludable, un recorregut pel poble, per gaudir de la natura. Hi haur\u00e0 un obsequi per als caminants<\/p>\n<h3>Futbol Solidari<\/h3>\n<p>Al camp d&#8217;esports municipal a partir de les 12 del mat\u00ed. Tota la recaptaci\u00f3 es donar\u00e0 per a la Marat\u00f3<\/p>\n<h3>Exhibici\u00f3 Canina<\/h3>\n<p>A les 5 de la tarda al Poliesportiu municipal, podreu gaudir d&#8217;una magn\u00edfica exhibici\u00f3 de gossos y a continuaci\u00f3<\/p>\n<h3>Berenar<\/h3>\n<p>El preu del berenar ser\u00e0 1 euro de donaci\u00f3 per a la Marat\u00f3<\/p>\n<h3>Cinema familiar<\/h3>\n<p>A les 6 de la tarda, projecci\u00f3 d&#8217;una divertida pel.l\u00edcula per a tothom, amb crispetes (preu 0.50\u20ac de donaci\u00f3)<\/p>\n<h3>Rifa solid\u00e0ria<\/h3>\n<p>En acabar el cine<\/p>\n<h3>Karaoke<\/h3>\n<p>Passa una divertida estona de Karaoke solidari i m\u00fasica dels 80&#8217;s a partir de les 8 del vespre<\/p>\n<p>&nbsp;<\/p>\n<p>____<\/p>\n<p>&nbsp;<\/p>\n<p>Col.laboren:<\/p>\n<p>Joventut Bisbalenca, C.F. &#8211; Associaci\u00f3 de Dones la Roca Foradada &#8211; Dones del Priorat<\/p>\n<p>&nbsp;<\/p>\n","protected":false},"excerpt":{"rendered":"<p>El proper dia 16 de desembre te lloc com cada any la Marat\u00f3 de TV3, i com cada any, l&#8217;Ajuntament de la Bisbal del Pened\u00e8s hi col.labora amb un seguit &hellip; <a href=\"https:\/\/bisbalpenedes.com\/web\/2012\/10\/23\/la-marato-2012\/\" class=\"more-link\">Read More<\/a><\/p>\n","protected":false},"author":1,"featured_media":268,"comment_status":"closed","ping_status":"open","sticky":false,"template":"","format":"standard","meta":[],"categories":[8,14],"tags":[],"_links":{"self":[{"href":"https:\/\/bisbalpenedes.com\/web\/wp-json\/wp\/v2\/posts\/267"}],"collection":[{"href":"https:\/\/bisbalpenedes.com\/web\/wp-json\/wp\/v2\/posts"}],"about":[{"href":"https:\/\/bisbalpenedes.com\/web\/wp-json\/wp\/v2\/types\/post"}],"author":[{"embeddable":true,"href":"https:\/\/bisbalpenedes.com\/web\/wp-json\/wp\/v2\/users\/1"}],"replies":[{"embeddable":true,"href":"https:\/\/bisbalpenedes.com\/web\/wp-json\/wp\/v2\/comments?post=267"}],"version-history":[{"count":9,"href":"https:\/\/bisbalpenedes.com\/web\/wp-json\/wp\/v2\/posts\/267\/revisions"}],"predecessor-version":[{"id":279,"href":"https:\/\/bisbalpenedes.com\/web\/wp-json\/wp\/v2\/posts\/267\/revisions\/279"}],"wp:featuredmedia":[{"embeddable":true,"href":"https:\/\/bisbalpenedes.com\/web\/wp-json\/wp\/v2\/media\/268"}],"wp:attachment":[{"href":"https:\/\/bisbalpenedes.com\/web\/wp-json\/wp\/v2\/media?parent=267"}],"wp:term":[{"taxonomy":"category","embeddable":true,"href":"https:\/\/bisbalpenedes.com\/web\/wp-json\/wp\/v2\/categories?post=267"},{"taxonomy":"post_tag","embeddable":true,"href":"https:\/\/bisbalpenedes.com\/web\/wp-json\/wp\/v2\/tags?post=267"}],"curies":[{"name":"wp","href":"https:\/\/api.w.org\/{rel}","templated":true}]}}