{"id":2668,"date":"2017-06-22T01:55:13","date_gmt":"2017-06-21T19:55:13","guid":{"rendered":"http:\/\/bisbalpenedes.com\/web\/?p=2668"},"modified":"2017-06-22T01:55:13","modified_gmt":"2017-06-21T19:55:13","slug":"el-ple-ordinari-del-passat-19-de-juny-va-aprovar-el-primer-rom-de-lajuntament-de-la-bisbal-del-penedes","status":"publish","type":"post","link":"https:\/\/bisbalpenedes.com\/web\/2017\/06\/22\/el-ple-ordinari-del-passat-19-de-juny-va-aprovar-el-primer-rom-de-lajuntament-de-la-bisbal-del-penedes\/","title":{"rendered":"El Ple Ordinari del passat 19 de juny va aprovar el primer ROM de l\u2019Ajuntament de La Bisbal del Pened\u00e8s"},"content":{"rendered":"<p><strong>El document organitzatiu facilitar\u00e0 la participaci\u00f3 ciutadana permetent que els bisbalencs i les bisbalenques puguin intervenir als plens ordinaris<\/strong><\/p>\n<p>El Ple de l\u2019Ajuntament de La Bisbal del Pened\u00e8s celebrat aquest dilluns ha aprovat inicialment el ROM (Reglament Org\u00e0nic Municipal), el document on s\u2019han de regular tots els aspectes de l\u2019organitzaci\u00f3 municipal: l\u2019activitat municipal, les normes sobre la constituci\u00f3, la vig\u00e8ncia i finalitzaci\u00f3 del mandat corporatiu, el funcionament dels seus \u00f2rgans, l\u2019estatut dels membres de la corporaci\u00f3 o la informaci\u00f3 i participaci\u00f3 ciutadana. A m\u00e9s, serveix per establir els canals necessaris per facilitar la participaci\u00f3 de la ciutadania als assumptes p\u00fablics municipals amb la finalitat que la societat sigui m\u00e9s participativa, conscient i responsable.<\/p>\n<p>L\u2019Ajuntament de La Bisbal del Pened\u00e8s no disposava de cap ROM a L\u2019Ajuntament i \u00e9s per aix\u00f2 que des d\u2019alcaldia es va preparar un document de 138 articles adequat a l\u2019Ajuntament de la vila, seguint les normatives vigents d\u2019\u00e0mbit local. Aquest document va ser enviat a tots els grups pol\u00edtics amb representaci\u00f3 al consistori perqu\u00e8 fessin les seves aportacions. Finalment s\u2019ha aprovat el document inicial, sense cap aportaci\u00f3 d\u2019altres grups, ja que cap d\u2019ells ha contribu\u00eft en el termini que es va marcar per a fer-ho. Segons l\u2019alcaldessa de la vila, Agn\u00e8s Ferr\u00e9, \u201ces tracta d\u2019un reglament molt important que implica a tots els membres del Consistori i que estableix unes l\u00ednies de treball sobre el funcionament de l\u2019Ajuntament\u201d.<\/p>\n<p>Aquesta proposta es va aprovar amb els vots a favor del PDeCAT (5) i el PSC (1) i els vots en contra d\u2019ERC (5)<\/p>\n<p>El ROM de l\u2019Ajuntament de La Bisbal del Pened\u00e8s inclou normes, indicadors i formes d\u2019organitzaci\u00f3 i est\u00e0 constitu\u00eft pel conjunt de drets i deures que la Constituci\u00f3, l\u2019Estatut d\u2019Autonomia de Catalunya i les legislacions estatal i auton\u00f2mica de r\u00e8gim local.<\/p>\n<p>Entre la informaci\u00f3 que cont\u00e9, en destaquen els seg\u00fcents apartats:<\/p>\n<p><strong>PARTICIPACI\u00d3 CIUTADANA<\/strong><\/p>\n<p>En l\u2019\u00e0mbit de l\u2019organitzaci\u00f3 municipal es contempla: la creaci\u00f3 de l\u2019auditoria ciutadana, la utilitzaci\u00f3 de les noves tecnologies en les convocat\u00f2ries dels Plens i la Junta de Govern (implica estalvi de paper i de recursos de personal) i regulaci\u00f3 del funcionament dels Plens. En aquest sentit cal destacar que, amb el ROM aprovat, la ciutadania podr\u00e0 participar en el punt de \u2018Precs i preguntes\u2019 dels Plens Ordinaris de l\u2019Ajuntament i l\u2019equip de govern\u00a0 contestar\u00e0 les preguntes forumlades per la ciutadania i es prendr\u00e0 nota dels seus precs. En aquest sentit, cal explicar que el funcionament ser\u00e0 el seg\u00fcent:<\/p>\n<ul>\n<li>Totes les persones tenen dret a intervenir en les sessions ordin\u00e0ries del Ple en el punt de l\u2019ordre del dia de \u2018Precs i preguntes\u2019, d\u2019acord amb les prescripcions seg\u00fcents:\n<ul>\n<li>El prec o pregunta s\u2019haur\u00e0 de sol\u00b7licitar a l\u2019Alcaldia:\n<ul>\n<li>per escrit i entrar-lo\/a al Registre General com a m\u00e0xim 24 hores abans del Ple Ordinari<\/li>\n<li>Per Twitter a @BisbalPenedes com a m\u00e0xim 24h abans del Ple Ordinari, complint el protocol d\u2019\u00fas de les xarxes socials que aprovem al punt seg\u00fcent de l\u2019ordre del dia. El format ser\u00e0 emprant l\u2019etiqueta #PleBisbalPened\u00e8s, seguit del prec o pregunta<\/li>\n<\/ul>\n<\/li>\n<li>L\u2019assumpte objecte del prec o pregunta haur\u00e0 de ser de compet\u00e8ncia municipal sobre l\u2019acci\u00f3 de govern o estar directament relacionat amb els punts inclosos a l\u2019ordre del dia<\/li>\n<li>Cada ciutad\u00e0\/ana\u00a0 pot formular un\u00a0 prec i una pregunta en un mateix Ple. La longitud m\u00e0xima de cada piulada \u00e9s de 140 car\u00e0cters i no es pot continuar la pregunta en un segon \u2018tweet\u2019.<\/li>\n<li>L\u2019alcaldia podr\u00e0 no respondre si \u00e9s un assumpte sobre el qual l\u2019Ajuntament no t\u00e9 compet\u00e8ncies o si ja s\u2019ha presentat la mateixa pregunta en una altra sessi\u00f3 plen\u00e0ria en els \u00faltims 6 mesos.<\/li>\n<li>L\u2019alcaldia comunicar\u00e0, acabat el termini m\u00e0xim de presentaci\u00f3 de preguntes, a qui vagin dirigides les preguntes o peticions sol\u00b7licitades perqu\u00e8 les pugui respondre<\/li>\n<li>L\u2019Alcaldia llegir\u00e0 la pregunta en veu alta<\/li>\n<li>L\u2019alcaldia o a qui va adre\u00e7ada la pregunta, la respondr\u00e0 en la mateixa sessi\u00f3 del Ple<\/li>\n<li>El p\u00fablic assistent a les sessions no podr\u00e0 efectuar manifestacions de grat o desgrat. Tampoc es podran proferir comentaris que afectin el normal desenvolupament de la sessi\u00f3.<\/li>\n<\/ul>\n<\/li>\n<\/ul>\n<p>\u00c9s la primera vegada que es permet la participaci\u00f3 del p\u00fablic en l\u2019apartat de \u2018Precs i preguntes\u2019 al Ple Ordinari de l\u2019Ajuntament de La Bisbal del Pened\u00e8s. En aquest sentit l\u2019alcaldessa defensa que es tracta de \u201cfacilitar al conjunt dels bisbalencs i bisbalenques la m\u00e9s \u00e0mplia informaci\u00f3 sobre la gesti\u00f3 municipal\u201d. Aix\u00ed, es pret\u00e9n facilitar informaci\u00f3 sobre l\u2019activitat del municipi, les obres i els serveis i generar instruments de participaci\u00f3 amb la finalitat d\u2019aprofundir en la cultura del comprom\u00eds i la implicaci\u00f3 ciutadana en la gesti\u00f3 municipal.<\/p>\n<p>L\u2019aposta de l\u2019actual equip de govern per la participaci\u00f3 ciutadana ja s\u2019ha posat en marxa en diverses iniciatives, d\u2019una banda l\u2019any passat es va tirar endavant un concurs d\u2019idees sobre el Poliesportiu Municipal i de l\u2019altra tot just la setmana passada (del 12 al 16 de juny) es van fer unes sessions informatives en diferents punts del municipi amb la finalitat de tirar endavant, a la tardor, uns pressupostos participatius sobre els comptes municipals del 2018. Tamb\u00e9 cal remarcar que s\u2019ha creat l\u2019auditoria ciutadana, amb l\u2019objectiu d\u2019acostar els comptes municipals a la ciutadania que consisteix en triar de forma aleat\u00f2ria 10 persones majors d\u2019edat del cens municipal que participaran com a convidats, de manera volunt\u00e0ria i com a oients a la Comissi\u00f3 Especial de Comptes i el Secretari de l\u2019Ajuntament i el Regidor d\u2019Hisenda explicaran a aquests bisbalencs quin \u00e9s el funcionament econ\u00f2mic de l\u2019Ajuntament.<\/p>\n<p><strong>INFORMACI\u00d3 I TRANSPAR\u00c8NCIA CAP A LA CIUTADANIA<\/strong><\/p>\n<p>El ROM pret\u00e9n definir quins s\u00f3n els mitjans per informar de la gesti\u00f3 municipal a la ciutadania:<\/p>\n<ul>\n<li>El Ple municipal<\/li>\n<li>La revista municipal<\/li>\n<li>El web municipal i les xarxes socials<\/li>\n<li>El servei eBando (app)<\/li>\n<li>Els pregons<\/li>\n<li>Les cartelleres municipals<\/li>\n<li>El taulell d\u2019anuncis de l\u2019Ajuntament<\/li>\n<li>L\u2019organitzaci\u00f3 d\u2019actes p\u00fablics<\/li>\n<li>L\u2019edici\u00f3 de cartells i bans<\/li>\n<li>Els contactes directes i per escrit o per correu electr\u00f2nic<\/li>\n<li>La convocat\u00f2ria de processos de participaci\u00f3 ciutadana en la determinaci\u00f3 de projectes del municipi<\/li>\n<li>La difusi\u00f3 de les convocat\u00f2ries de les sessions del Ple<\/li>\n<li>Qualsevol altre mitj\u00e0 que es consideri convenient<\/li>\n<\/ul>\n<p>&nbsp;<\/p>\n","protected":false},"excerpt":{"rendered":"<p>El document organitzatiu facilitar\u00e0 la participaci\u00f3 ciutadana permetent que els bisbalencs i les bisbalenques puguin intervenir als plens ordinaris El Ple de l\u2019Ajuntament de La Bisbal del Pened\u00e8s celebrat aquest &hellip; <a href=\"https:\/\/bisbalpenedes.com\/web\/2017\/06\/22\/el-ple-ordinari-del-passat-19-de-juny-va-aprovar-el-primer-rom-de-lajuntament-de-la-bisbal-del-penedes\/\" class=\"more-link\">Read More<\/a><\/p>\n","protected":false},"author":4,"featured_media":1824,"comment_status":"closed","ping_status":"closed","sticky":false,"template":"","format":"standard","meta":[],"categories":[4],"tags":[568,249,569,479],"_links":{"self":[{"href":"https:\/\/bisbalpenedes.com\/web\/wp-json\/wp\/v2\/posts\/2668"}],"collection":[{"href":"https:\/\/bisbalpenedes.com\/web\/wp-json\/wp\/v2\/posts"}],"about":[{"href":"https:\/\/bisbalpenedes.com\/web\/wp-json\/wp\/v2\/types\/post"}],"author":[{"embeddable":true,"href":"https:\/\/bisbalpenedes.com\/web\/wp-json\/wp\/v2\/users\/4"}],"replies":[{"embeddable":true,"href":"https:\/\/bisbalpenedes.com\/web\/wp-json\/wp\/v2\/comments?post=2668"}],"version-history":[{"count":2,"href":"https:\/\/bisbalpenedes.com\/web\/wp-json\/wp\/v2\/posts\/2668\/revisions"}],"predecessor-version":[{"id":2670,"href":"https:\/\/bisbalpenedes.com\/web\/wp-json\/wp\/v2\/posts\/2668\/revisions\/2670"}],"wp:featuredmedia":[{"embeddable":true,"href":"https:\/\/bisbalpenedes.com\/web\/wp-json\/wp\/v2\/media\/1824"}],"wp:attachment":[{"href":"https:\/\/bisbalpenedes.com\/web\/wp-json\/wp\/v2\/media?parent=2668"}],"wp:term":[{"taxonomy":"category","embeddable":true,"href":"https:\/\/bisbalpenedes.com\/web\/wp-json\/wp\/v2\/categories?post=2668"},{"taxonomy":"post_tag","embeddable":true,"href":"https:\/\/bisbalpenedes.com\/web\/wp-json\/wp\/v2\/tags?post=2668"}],"curies":[{"name":"wp","href":"https:\/\/api.w.org\/{rel}","templated":true}]}}