{"id":2664,"date":"2017-06-22T02:15:15","date_gmt":"2017-06-21T20:15:15","guid":{"rendered":"http:\/\/bisbalpenedes.com\/web\/?p=2664"},"modified":"2017-06-22T02:25:56","modified_gmt":"2017-06-21T20:25:56","slug":"el-ple-ha-aprovat-per-unanimitat-la-proposta-de-la-regidoria-densenyament-doferir-subvencions-per-a-excursions-pedagogiques-i-colonies-a-les-families-mes-desafavorides-del-municipi","status":"publish","type":"post","link":"https:\/\/bisbalpenedes.com\/web\/2017\/06\/22\/el-ple-ha-aprovat-per-unanimitat-la-proposta-de-la-regidoria-densenyament-doferir-subvencions-per-a-excursions-pedagogiques-i-colonies-a-les-families-mes-desafavorides-del-municipi\/","title":{"rendered":"El ple ha aprovat per unanimitat la proposta de la Regidoria d\u2019Ensenyament d\u2019oferir subvencions per a excursions pedag\u00f2giques i col\u00f2nies a les fam\u00edlies m\u00e9s desafavorides del municipi"},"content":{"rendered":"<p><strong>L\u2019objectiu \u00e9s garantir la igualtat d&#8217;oportunitats des de l\u2019escola<\/strong><\/p>\n<p><a href=\"http:\/\/bisbalpenedes.com\/web\/wp-content\/uploads\/2017\/06\/exterior-ull-de-vent.gif\"><img loading=\"lazy\" class=\"aligncenter size-full wp-image-2676\" title=\"exterior ull de vent edifici antic\" src=\"http:\/\/bisbalpenedes.com\/web\/wp-content\/uploads\/2017\/06\/exterior-ull-de-vent.gif\" alt=\"\" width=\"250\" height=\"187\" \/><\/a><\/p>\n<p>El Ple Ordinari de l\u2019Ajuntament de la Bisbal del Pened\u00e8s, celebrat el 19 de juny de 2017, ha aprovat una ordenan\u00e7a per atorgar ajuts a fam\u00edlies en situacions socioecon\u00f2miques desafavorides. Aquestes subvencions tenen per objectiu garantir el dret a l\u2019educaci\u00f3 i a l\u2019acc\u00e9s a l\u2019ensenyament en id\u00e8ntiques condicions per a tots els infants. D\u2019aquesta manera, des de la Regidoria d\u2019Ensenyament s\u2019ha considerat oport\u00fa crear una subvenci\u00f3 econ\u00f2mica perqu\u00e8 els nens, nenes, nois i noies de les fam\u00edlies m\u00e9s desafavorides de la vila puguin participar en les sortides o excursions organitzades pel centre. Seran objecte d\u2019aquesta subvenci\u00f3 les activitats d\u2019excursions i col\u00f2nies escolars 2017-2018 per a les fam\u00edlies que compleixin els requisits establerts en les bases. L\u2019import subvencionable es correspondr\u00e0 al 50% del cost d\u2019adquisici\u00f3 de les activitats d\u2019excursions i col\u00f2nies escolars.<\/p>\n<p style=\"padding-left: 30px;\">Les quantitats m\u00e0ximes per al curs de prim\u00e0ria (Escola Ull de Vent) seran:<\/p>\n<p style=\"padding-left: 60px;\">-P3 i P4: subvenci\u00f3 de 50\u20ac per curs<\/p>\n<p style=\"padding-left: 60px;\">-P5 a 6\u00e8 de prim\u00e0ria: subvenci\u00f3 de 120\u20ac per curs.<\/p>\n<p style=\"padding-left: 60px;\"><a href=\"http:\/\/bisbalpenedes.com\/web\/wp-content\/uploads\/2017\/06\/ull-de-vent.jpg\"><img loading=\"lazy\" class=\"aligncenter size-medium wp-image-2675\" title=\"ull de vent exterior\" src=\"http:\/\/bisbalpenedes.com\/web\/wp-content\/uploads\/2017\/06\/ull-de-vent-300x185.jpg\" alt=\"\" width=\"300\" height=\"185\" srcset=\"https:\/\/bisbalpenedes.com\/web\/wp-content\/uploads\/2017\/06\/ull-de-vent-300x185.jpg 300w, https:\/\/bisbalpenedes.com\/web\/wp-content\/uploads\/2017\/06\/ull-de-vent.jpg 405w\" sizes=\"(max-width: 300px) 100vw, 300px\" \/><\/a><\/p>\n<p style=\"padding-left: 30px;\">Per a l\u2019Institut (IES Coster de la Torre) l\u2019import ser\u00e0 de 150\u20ac per curs.<\/p>\n<p>Els destinataris d\u2019aquestes subvencions hauran d\u2019acomplir diversos requisits:<\/p>\n<p style=\"padding-left: 30px;\">-Empadronament en el municipi de La Bisbal del Pened\u00e8s<\/p>\n<p style=\"padding-left: 30px;\">-Comptar amb fills i filles matriculats en qualsevol dels cursos dels ensenyaments de prim\u00e0ria i secund\u00e0ria obligat\u00f2ria, durant el curs 2017-2108, en els centres escolars de titularitat p\u00fablica del municipi de La Bisbal del Pened\u00e8s<\/p>\n<p style=\"padding-left: 30px;\">-Tenir una renda per c\u00e0pita neta mensual de manteniment no superior a la definida per la Llei de pressupostos de la Generalitat de Catalunya per a l\u2019exercici 2016 en relaci\u00f3 amb l\u2019indicador de renda de sufici\u00e8ncia de Catalunya (569,12 euros mensuals) multiplicada per 1,2 (682,94\u20ac).<\/p>\n<p style=\"padding-left: 30px;\">-No ser titular en r\u00e8gim de propietat o copropietat de m\u00e9s d\u2019un habitatge<\/p>\n<p style=\"padding-left: 30px;\">-No percebre cap altre ajut provinent d\u2019altres administracions p\u00fabliques que cobreixin totalment el cost de l\u2019activitat o servei.<\/p>\n<p style=\"padding-left: 30px;\">-No haver estat declarat com a beneficiari en convocat\u00f2ries anteriors. En tal cas, no es podr\u00e0 declarar la persona com a benefici\u00e0ria.<\/p>\n<p>La present convocat\u00f2ria de subvenci\u00f3 ha estat aprovada pel Ple Ordinari del 19 de juny de 2017 per unanimitat i ara cal esperar l\u2019aprovaci\u00f3 definitiva de les bases i de la convocat\u00f2ria al BOPT. Un cop aprovada definitivament pel BOPT i, posteriorment, per la Junta de Govern Local, els bisbalencs i les bisbalenques interessats en acollir-se a la subvenci\u00f3 tindran un termini de 15 dies naturals per demanar-la. L\u2019Ajuntament de La Bisbal del Pened\u00e8s informar\u00e0 puntualment \u00a0del termini de presentaci\u00f3 de sol\u00b7licituds a trav\u00e9s de les xarxes socials Facebook i Twitter, la p\u00e0gina web de l\u2019Ajuntament de La Bisbal del Pened\u00e8s ww.bisbalpenedes.com i l\u2019app eBando.<\/p>\n<p>&nbsp;<\/p>\n<p>&nbsp;<\/p>\n<p>&nbsp;<\/p>\n","protected":false},"excerpt":{"rendered":"<p>L\u2019objectiu \u00e9s garantir la igualtat d&#8217;oportunitats des de l\u2019escola El Ple Ordinari de l\u2019Ajuntament de la Bisbal del Pened\u00e8s, celebrat el 19 de juny de 2017, ha aprovat una ordenan\u00e7a &hellip; <a href=\"https:\/\/bisbalpenedes.com\/web\/2017\/06\/22\/el-ple-ha-aprovat-per-unanimitat-la-proposta-de-la-regidoria-densenyament-doferir-subvencions-per-a-excursions-pedagogiques-i-colonies-a-les-families-mes-desafavorides-del-municipi\/\" class=\"more-link\">Read More<\/a><\/p>\n","protected":false},"author":4,"featured_media":2675,"comment_status":"closed","ping_status":"closed","sticky":false,"template":"","format":"standard","meta":[],"categories":[16],"tags":[567,564,274,65,565,563,566,99,102],"_links":{"self":[{"href":"https:\/\/bisbalpenedes.com\/web\/wp-json\/wp\/v2\/posts\/2664"}],"collection":[{"href":"https:\/\/bisbalpenedes.com\/web\/wp-json\/wp\/v2\/posts"}],"about":[{"href":"https:\/\/bisbalpenedes.com\/web\/wp-json\/wp\/v2\/types\/post"}],"author":[{"embeddable":true,"href":"https:\/\/bisbalpenedes.com\/web\/wp-json\/wp\/v2\/users\/4"}],"replies":[{"embeddable":true,"href":"https:\/\/bisbalpenedes.com\/web\/wp-json\/wp\/v2\/comments?post=2664"}],"version-history":[{"count":6,"href":"https:\/\/bisbalpenedes.com\/web\/wp-json\/wp\/v2\/posts\/2664\/revisions"}],"predecessor-version":[{"id":2674,"href":"https:\/\/bisbalpenedes.com\/web\/wp-json\/wp\/v2\/posts\/2664\/revisions\/2674"}],"wp:featuredmedia":[{"embeddable":true,"href":"https:\/\/bisbalpenedes.com\/web\/wp-json\/wp\/v2\/media\/2675"}],"wp:attachment":[{"href":"https:\/\/bisbalpenedes.com\/web\/wp-json\/wp\/v2\/media?parent=2664"}],"wp:term":[{"taxonomy":"category","embeddable":true,"href":"https:\/\/bisbalpenedes.com\/web\/wp-json\/wp\/v2\/categories?post=2664"},{"taxonomy":"post_tag","embeddable":true,"href":"https:\/\/bisbalpenedes.com\/web\/wp-json\/wp\/v2\/tags?post=2664"}],"curies":[{"name":"wp","href":"https:\/\/api.w.org\/{rel}","templated":true}]}}