{"id":26637,"date":"2023-07-18T19:51:30","date_gmt":"2023-07-18T17:51:30","guid":{"rendered":"https:\/\/bisbalpenedes.com\/web\/?p=26637"},"modified":"2023-07-18T19:51:30","modified_gmt":"2023-07-18T17:51:30","slug":"lalcaldessa-i-el-regidor-de-benestar-animal-shan-reunit-amb-el-seprona-avui-dimarts","status":"publish","type":"post","link":"https:\/\/bisbalpenedes.com\/web\/2023\/07\/18\/lalcaldessa-i-el-regidor-de-benestar-animal-shan-reunit-amb-el-seprona-avui-dimarts\/","title":{"rendered":"L&#8217;alcaldessa i el regidor de Benestar Animal s&#8217;han reunit amb el SEPRONA avui dimarts"},"content":{"rendered":"\n<p>Avui dimarts, l\u2019alcaldessa Agn\u00e8s Ferr\u00e9 i el regidor de Benestar Animal, Dani Caballero, s\u2019han reunit amb el Servei de Protecci\u00f3 a la Natura (SEPRONA) de la Gu\u00e0rdia Civil a l\u2019Ajuntament de la Bisbal del Pened\u00e8s. Aquesta \u00e9s la primera reuni\u00f3 que duen a terme l\u2019equip de govern i el SEPRONA en aquest nou mandat i ha servit per fer una primera presa de contacte amb el nou regidor de Benestar Animal i, alhora, planificar diverses actuacions vers la protecci\u00f3 dels animals al municipi.<\/p>\n\n\n\n<hr class=\"wp-block-separator has-alpha-channel-opacity\"\/>\n\n\n\n<p><img loading=\"lazy\" height=\"16\" width=\"16\" src=\"https:\/\/static.xx.fbcdn.net\/images\/emoji.php\/v9\/tce\/2\/16\/1f436.png\" alt=\"\ud83d\udc36\"> |Hoy martes, la alcaldesa Agn\u00e8s Ferr\u00e9 y el concejal de Bienestar Animal, Dani Caballero, han recibido al Servicio de Protecci\u00f3n a la Naturaleza (SEPRONA) de la Guardia Civil en el Ayuntamiento de la Bisbal del Pened\u00e8s. Esta es la primera reuni\u00f3n que llevan a cabo el equipo de gobierno y el SEPRONA en este nuevo mandato y ha servido para hacer una primera toma de contacto con el nuevo concejal de Bienestar Animal y, a la vez, planificar varias actuaciones relacionadas con la protecci\u00f3n de los animales en el municipio.<\/p>\n","protected":false},"excerpt":{"rendered":"<p>Avui dimarts, l\u2019alcaldessa Agn\u00e8s Ferr\u00e9 i el regidor de Benestar Animal, Dani Caballero, s\u2019han reunit amb el Servei de Protecci\u00f3 a la Natura (SEPRONA) de la Gu\u00e0rdia Civil a l\u2019Ajuntament &hellip; <a href=\"https:\/\/bisbalpenedes.com\/web\/2023\/07\/18\/lalcaldessa-i-el-regidor-de-benestar-animal-shan-reunit-amb-el-seprona-avui-dimarts\/\" class=\"more-link\">Read More<\/a><\/p>\n","protected":false},"author":4,"featured_media":26638,"comment_status":"closed","ping_status":"closed","sticky":false,"template":"","format":"standard","meta":[],"categories":[8],"tags":[1267,5931,1262,393,397],"_links":{"self":[{"href":"https:\/\/bisbalpenedes.com\/web\/wp-json\/wp\/v2\/posts\/26637"}],"collection":[{"href":"https:\/\/bisbalpenedes.com\/web\/wp-json\/wp\/v2\/posts"}],"about":[{"href":"https:\/\/bisbalpenedes.com\/web\/wp-json\/wp\/v2\/types\/post"}],"author":[{"embeddable":true,"href":"https:\/\/bisbalpenedes.com\/web\/wp-json\/wp\/v2\/users\/4"}],"replies":[{"embeddable":true,"href":"https:\/\/bisbalpenedes.com\/web\/wp-json\/wp\/v2\/comments?post=26637"}],"version-history":[{"count":1,"href":"https:\/\/bisbalpenedes.com\/web\/wp-json\/wp\/v2\/posts\/26637\/revisions"}],"predecessor-version":[{"id":26639,"href":"https:\/\/bisbalpenedes.com\/web\/wp-json\/wp\/v2\/posts\/26637\/revisions\/26639"}],"wp:featuredmedia":[{"embeddable":true,"href":"https:\/\/bisbalpenedes.com\/web\/wp-json\/wp\/v2\/media\/26638"}],"wp:attachment":[{"href":"https:\/\/bisbalpenedes.com\/web\/wp-json\/wp\/v2\/media?parent=26637"}],"wp:term":[{"taxonomy":"category","embeddable":true,"href":"https:\/\/bisbalpenedes.com\/web\/wp-json\/wp\/v2\/categories?post=26637"},{"taxonomy":"post_tag","embeddable":true,"href":"https:\/\/bisbalpenedes.com\/web\/wp-json\/wp\/v2\/tags?post=26637"}],"curies":[{"name":"wp","href":"https:\/\/api.w.org\/{rel}","templated":true}]}}