{"id":26634,"date":"2023-07-18T15:09:38","date_gmt":"2023-07-18T13:09:38","guid":{"rendered":"https:\/\/bisbalpenedes.com\/web\/?p=26634"},"modified":"2023-07-18T15:09:38","modified_gmt":"2023-07-18T13:09:38","slug":"tornen-les-24h-de-futbol-sala-dies-4-i-5-dagost-al-pati-de-lescola-ull-de-vent","status":"publish","type":"post","link":"https:\/\/bisbalpenedes.com\/web\/2023\/07\/18\/tornen-les-24h-de-futbol-sala-dies-4-i-5-dagost-al-pati-de-lescola-ull-de-vent\/","title":{"rendered":"Tornen les 24h de futbol sala: dies 4 i 5 d&#8217;agost al pati de l&#8217;escola Ull de Vent"},"content":{"rendered":"\n<p>Tornen les 24 hores de futbol sala al pati de l&#8217;escola Ull de Vent, un dels tradicionals actes previs de la Festa Major.<\/p>\n\n\n\n<p>Us hi podeu inscriure als tel\u00e8fons del cartell.<br>Inscripcions limitades a 12 equips d&#8217;un m\u00e0xim de 12 jugadors.<br><\/p>\n\n\n\n<hr class=\"wp-block-separator has-alpha-channel-opacity\"\/>\n\n\n\n<p>Vuelven las 24 horas de f\u00fatbol sala al patio de la escuela Ull de Vent, uno de los tradicionales actos previos de la Fiesta Mayor.<\/p>\n\n\n\n<p>Os pod\u00e9is inscribir en los tel\u00e9fonos del cartel.<br>Inscripciones limitadas a 12 equipos de un m\u00e1ximo de 12 jugadores.<\/p>\n","protected":false},"excerpt":{"rendered":"<p>Tornen les 24 hores de futbol sala al pati de l&#8217;escola Ull de Vent, un dels tradicionals actes previs de la Festa Major. Us hi podeu inscriure als tel\u00e8fons del &hellip; <a href=\"https:\/\/bisbalpenedes.com\/web\/2023\/07\/18\/tornen-les-24h-de-futbol-sala-dies-4-i-5-dagost-al-pati-de-lescola-ull-de-vent\/\" class=\"more-link\">Read More<\/a><\/p>\n","protected":false},"author":4,"featured_media":26635,"comment_status":"closed","ping_status":"closed","sticky":false,"template":"","format":"standard","meta":[],"categories":[19,2161,8],"tags":[337,659,393],"_links":{"self":[{"href":"https:\/\/bisbalpenedes.com\/web\/wp-json\/wp\/v2\/posts\/26634"}],"collection":[{"href":"https:\/\/bisbalpenedes.com\/web\/wp-json\/wp\/v2\/posts"}],"about":[{"href":"https:\/\/bisbalpenedes.com\/web\/wp-json\/wp\/v2\/types\/post"}],"author":[{"embeddable":true,"href":"https:\/\/bisbalpenedes.com\/web\/wp-json\/wp\/v2\/users\/4"}],"replies":[{"embeddable":true,"href":"https:\/\/bisbalpenedes.com\/web\/wp-json\/wp\/v2\/comments?post=26634"}],"version-history":[{"count":1,"href":"https:\/\/bisbalpenedes.com\/web\/wp-json\/wp\/v2\/posts\/26634\/revisions"}],"predecessor-version":[{"id":26636,"href":"https:\/\/bisbalpenedes.com\/web\/wp-json\/wp\/v2\/posts\/26634\/revisions\/26636"}],"wp:featuredmedia":[{"embeddable":true,"href":"https:\/\/bisbalpenedes.com\/web\/wp-json\/wp\/v2\/media\/26635"}],"wp:attachment":[{"href":"https:\/\/bisbalpenedes.com\/web\/wp-json\/wp\/v2\/media?parent=26634"}],"wp:term":[{"taxonomy":"category","embeddable":true,"href":"https:\/\/bisbalpenedes.com\/web\/wp-json\/wp\/v2\/categories?post=26634"},{"taxonomy":"post_tag","embeddable":true,"href":"https:\/\/bisbalpenedes.com\/web\/wp-json\/wp\/v2\/tags?post=26634"}],"curies":[{"name":"wp","href":"https:\/\/api.w.org\/{rel}","templated":true}]}}