{"id":26543,"date":"2023-07-17T15:54:38","date_gmt":"2023-07-17T13:54:38","guid":{"rendered":"https:\/\/bisbalpenedes.com\/web\/?p=26543"},"modified":"2023-07-17T15:54:38","modified_gmt":"2023-07-17T13:54:38","slug":"encara-pots-adquirir-els-productes-del-mullat-per-lesclerosi-multiple-adrecant-te-a-lajuntament-durant-aquesta-setmana","status":"publish","type":"post","link":"https:\/\/bisbalpenedes.com\/web\/2023\/07\/17\/encara-pots-adquirir-els-productes-del-mullat-per-lesclerosi-multiple-adrecant-te-a-lajuntament-durant-aquesta-setmana\/","title":{"rendered":"Encara pots adquirir els productes del &#8216;Mulla&#8217;t&#8217; per l&#8217;esclerosi m\u00faltiple adre\u00e7ant-te a l&#8217;Ajuntament durant aquesta setmana"},"content":{"rendered":"\n<p>Si no vas poder venir a la piscina el 9 de juliol i et vas quedar amb les ganes de comprar els productes del &#8216;Mulla&#8217;t&#8217; d&#8217;enguany i col\u00b7laborar aix\u00ed amb la Fundaci\u00f3 per l&#8217;Esclerosi M\u00faltiple, no pateixis!<br>Durant tota aquesta setmana pots passar per l&#8217;Ajuntament i fer-te amb una samarreta, un necesser, una bossa&#8230; queden poques unitats!<\/p>\n\n\n\n<hr class=\"wp-block-separator has-alpha-channel-opacity\"\/>\n\n\n\n<p><strong>CASTELLANO | <\/strong>Si no pudiste venir a la piscina el d\u00eda 9 de julio y te quedaste con las ganas de compartir los productos del \u2018Mulla\u2019t\u2019 de este a\u00f1o y colaborar as\u00ed con la Fundaci\u00f3 per l\u2019Esclerosi M\u00faltiple, \u00a1No te preocupes!<br>Durante toda esta semana puedes pasar por el Ayuntamiento y conseguir una camiseta, un neceser, un bolso\u2026 \u00a1Quedan pocas unidades!<\/p>\n","protected":false},"excerpt":{"rendered":"<p>Si no vas poder venir a la piscina el 9 de juliol i et vas quedar amb les ganes de comprar els productes del &#8216;Mulla&#8217;t&#8217; d&#8217;enguany i col\u00b7laborar aix\u00ed amb &hellip; <a href=\"https:\/\/bisbalpenedes.com\/web\/2023\/07\/17\/encara-pots-adquirir-els-productes-del-mullat-per-lesclerosi-multiple-adrecant-te-a-lajuntament-durant-aquesta-setmana\/\" class=\"more-link\">Read More<\/a><\/p>\n","protected":false},"author":4,"featured_media":26544,"comment_status":"closed","ping_status":"closed","sticky":false,"template":"","format":"standard","meta":[],"categories":[19,8],"tags":[],"_links":{"self":[{"href":"https:\/\/bisbalpenedes.com\/web\/wp-json\/wp\/v2\/posts\/26543"}],"collection":[{"href":"https:\/\/bisbalpenedes.com\/web\/wp-json\/wp\/v2\/posts"}],"about":[{"href":"https:\/\/bisbalpenedes.com\/web\/wp-json\/wp\/v2\/types\/post"}],"author":[{"embeddable":true,"href":"https:\/\/bisbalpenedes.com\/web\/wp-json\/wp\/v2\/users\/4"}],"replies":[{"embeddable":true,"href":"https:\/\/bisbalpenedes.com\/web\/wp-json\/wp\/v2\/comments?post=26543"}],"version-history":[{"count":1,"href":"https:\/\/bisbalpenedes.com\/web\/wp-json\/wp\/v2\/posts\/26543\/revisions"}],"predecessor-version":[{"id":26545,"href":"https:\/\/bisbalpenedes.com\/web\/wp-json\/wp\/v2\/posts\/26543\/revisions\/26545"}],"wp:featuredmedia":[{"embeddable":true,"href":"https:\/\/bisbalpenedes.com\/web\/wp-json\/wp\/v2\/media\/26544"}],"wp:attachment":[{"href":"https:\/\/bisbalpenedes.com\/web\/wp-json\/wp\/v2\/media?parent=26543"}],"wp:term":[{"taxonomy":"category","embeddable":true,"href":"https:\/\/bisbalpenedes.com\/web\/wp-json\/wp\/v2\/categories?post=26543"},{"taxonomy":"post_tag","embeddable":true,"href":"https:\/\/bisbalpenedes.com\/web\/wp-json\/wp\/v2\/tags?post=26543"}],"curies":[{"name":"wp","href":"https:\/\/api.w.org\/{rel}","templated":true}]}}