{"id":2654,"date":"2017-06-21T23:34:08","date_gmt":"2017-06-21T17:34:08","guid":{"rendered":"http:\/\/bisbalpenedes.com\/web\/?p=2654"},"modified":"2017-06-22T03:36:53","modified_gmt":"2017-06-21T21:36:53","slug":"punts-tractats-al-ple-del-19-de-juny-i-resultat-de-la-votacio-dels-regidors","status":"publish","type":"post","link":"https:\/\/bisbalpenedes.com\/web\/2017\/06\/21\/punts-tractats-al-ple-del-19-de-juny-i-resultat-de-la-votacio-dels-regidors\/","title":{"rendered":"Punts tractats al ple del 19 de juny i resultat de la votaci\u00f3 dels regidors"},"content":{"rendered":"<p style=\"text-align: center;\"><iframe loading=\"lazy\" src=\"https:\/\/www.youtube.com\/embed\/q51pZcPN144\" frameborder=\"0\" width=\"560\" height=\"315\"><\/iframe><br \/>\n<a href=\"http:\/\/bisbalpenedes.com\/web\/wp-content\/uploads\/2017\/06\/foto-ple.jpg\"><br \/>\n<\/a><\/p>\n<p>El passat dilluns 19 de juny l\u2019Ajuntament de la Bisbal del Pened\u00e8s va celebrar el ple ordinari corresponent al segon trimestre de 2017 que va constar dels seg\u00fcents<\/p>\n<p>PUNTS:<\/p>\n<p><strong>1. S\u2019aprova l\u2019acta anterior ordin\u00e0ria del 20 de mar\u00e7 del 2017 i extraordin\u00e0ria del 29 de maig de 2017.<\/strong><\/p>\n<p><strong>2. Es d\u00f3na compte dels Decrets d\u2019Alcaldia.<\/strong><br \/>\nAquest punt no es vota.<\/p>\n<p><strong>3. Es d\u00f3na\u00a0compte Decret d\u2019alcaldia 2017-250 d\u2019aprovaci\u00f3 de la liquidaci\u00f3 del pressupost 2016.<\/strong><br \/>\nLa setmana anterior al ple es va celebrar la comissi\u00f3 de comptes. Ara s\u2019espera la seva publicaci\u00f3 al BOP i, passat el termini establert per a exposici\u00f3 p\u00fablica, es proposar\u00e0 al Ple l\u2019aprovaci\u00f3 d\u2019aquesta liquidaci\u00f3. Aquest punt no es vota.<\/p>\n<p><strong>4. Es d\u00f3na\u00a0compte de l\u2019informe de secretaria Intervenci\u00f3 del per\u00edode mig de pagament primer trimestre del 2017.<\/strong><br \/>\nSe\u2019n destaca una dada positiva: que el PMP (Per\u00edode Mig de Pagament) d\u2019aquest primer trimestre del 2017 hagi estat de 23,60 dies. El mateix que l\u2019\u00faltim trimestre del 2016. L\u2019actual equip de govern va comen\u00e7ar la legislatura amb 115 dies de PMP i s\u2019ha aconseguit rebaixar m\u00e9s de 80 dies. Aquest punt tampoc es vota.<\/p>\n<p><strong>5. Aprovaci\u00f3 de la modificaci\u00f3 de cr\u00e8dit 2\/2017 del pressupost del 2017.<\/strong><br \/>\nDes de la regidoria d\u2019Ensenyament es proposava solucionar el problema de circulaci\u00f3 i de seguretat a les arribades i sortides d\u2019autocars a l\u2019institut.<br \/>\nEs per aix\u00f2 que es van comen\u00e7ar a dur a terme negociacions per adquirir un terreny i fer-hi un aparcament per als 9 autocars de l\u2019institut, de manera que no qued\u00e9s la circulaci\u00f3 tallada per a les fam\u00edlies que venen en cotxe ni per als usuaris del punt verd.<br \/>\nAl pressupost del 2017 ja s\u2019hi va incloure una partida de 45.000\u20ac per fer aquest aparcament per\u00f2 fins aquest any 2017 no s\u2019ha pogut fer el projecte.<br \/>\nEs crea una partida pressupost\u00e0ria per la compra de 30.560\u20ac i es complementa la partida de la parada de bus amb 122.767,87\u20ac (obra 141.027,50\u20ac+ projecte 13.068\u20ac+ treure dip\u00f2sits 13.672,37\u20ac\u00a0 &#8211; 45.000\u20ac de la partida, perqu\u00e8 el total de la partida sigui de 167.767,87\u20ac)<br \/>\nLa creaci\u00f3 de partida de 30.560\u20ac surt de tres partides: fons de conting\u00e8ncia, local del Priorat i altaveus del campanar.<br \/>\nLa complementaci\u00f3 de la partida de la parada de bus surt de diverses partides.<br \/>\nS\u2019aprova aquest punt per unanimitat.<\/p>\n<p><strong>6. Aprovaci\u00f3 de l\u2019ordenan\u00e7a reguladora de les bases generals per l\u2019atorgament d\u2019ajuts individualitzats a fam\u00edlies en situacions socioecon\u00f2miques desfavorides de subvencions per les activitats d\u2019excursions i col\u00f2nies escolars 2017-2018<\/strong><br \/>\nUna ordenan\u00e7a destinada nom\u00e9s a fam\u00edlies desafavorides per subvencionar el 50% de les excursions i col\u00f2nies escolars.<br \/>\nS\u2019aprova aquest punt per unanimitat.<\/p>\n<p><strong>7. Aprovaci\u00f3 de la declaraci\u00f3 per poder contractar personal laboral temporal i\/o funcionari inter\u00ed per tal de cobrir necessitats urgents i inajornables a sectors, funcions i categories professionals.<\/strong><br \/>\nL\u2019any passat va plegar de la feina la persona que estava a la biblioteca. Ara est\u00e0 coberta temporalment fins a final d\u2019any i, per tant, s\u2019ha de fer concurs p\u00fablic per poder cobrir aquesta pla\u00e7a de manera interina.<br \/>\nAl pressupost d\u2019aquest any est\u00e0 previst per\u00f2 el servei de biblioteca i arxiu municipal no estava considerat com a servei prioritari o essencial a l\u2019Ajuntament de La Bisbal del Pened\u00e8s. Per tant, era necessari aprovar aquest punt per poder treure a concurs la pla\u00e7a.<br \/>\nEs considera prioritari i essencial el servei de biblioteca, sobretot ara que forma part de la xarxa de biblioteques de la Generalitat i des del consistori s\u2019aposta perqu\u00e8 aquest servei es pugui compaginar amb el servei d\u2019arxiu municipal.<br \/>\nS\u2019aprova aquest punt per unanimitat.<\/p>\n<p><strong>8. Aprovaci\u00f3 inicial del protocol d\u2019\u00fas de xarxes socials de l\u2019Ajuntament de la Bisbal del Pened\u00e8s.<\/strong><br \/>\nPer garantir el dret d\u2019informaci\u00f3 municipal de la ciutadania, \u00e9s molt important l\u2019\u00fas de les xarxes socials de qu\u00e8 disposa l\u2019Ajuntament: Facebook i Twitter.<br \/>\nLes xarxes socials s\u00f3n essencials per compartir continguts i relacionar-se directament amb la ciutadania. \u00c9s una manera de ser m\u00e9s oberts i transparents, a part d\u2019oferir canals directes d\u2019atenci\u00f3 al ciutad\u00e0 i fomentar la participaci\u00f3 entre la poblaci\u00f3.<br \/>\nDes de l\u2019Ajuntament es vol garantir el bon funcionament d\u2019aquestes xarxes, ja que s\u00f3n xarxes obertes a la interactuaci\u00f3 i comentaris de la ciutadania i cal regular-ho.<br \/>\nS\u2019aprova aquest punt per unanimitat.<\/p>\n<p><strong>9. Aprovaci\u00f3 inicial del Reglament Org\u00e0nic Municipal.<\/strong><br \/>\nPodeu ampliar la informaci\u00f3 sobre aquest punt a l&#8217;enlla\u00e7:\u00a0<a href=\"http:\/\/bisbalpenedes.com\/web\/2017\/06\/22\/el-ple-ordinari-del-passat-19-de-juny-va-aprovar-el-primer-rom-de-lajuntament-de-la-bisbal-del-penedes\/\" target=\"_blank\">http:\/\/bisbalpenedes.com\/web\/2017\/06\/22\/el-ple-ordinari-del-passat-19-de-juny-va-aprovar-el-primer-rom-de-lajuntament-de-la-bisbal-del-penedes\/<\/a><\/p>\n<p>S\u2019aprova aquest punt amb els vots de PDeCAT i PSC. ERC vota en contra.<\/p>\n<p><strong>10. Aprovaci\u00f3 inicial del Codi \u00c8tic i de Bona Conducta.<\/strong><\/p>\n<p>Podeu ampliar la informaci\u00f3 sobre aquest punt a l&#8217;enlla\u00e7:\u00a0<a href=\"http:\/\/bisbalpenedes.com\/web\/2017\/06\/22\/el-ple-de-lajuntament-de-la-bisbal-del-penedes-ha-aprovat-el-codi-etic-i-de-bona-conducta\/\" target=\"_blank\">http:\/\/bisbalpenedes.com\/web\/2017\/06\/22\/el-ple-de-lajuntament-de-la-bisbal-del-penedes-ha-aprovat-el-codi-etic-i-de-bona-conducta\/<\/a><br \/>\nS\u2019aprova aquest punt amb els vots de PDeCAT i PSC. ERC vota en contra.<\/p>\n<p><strong>11. Es proposa aprovar la declaraci\u00f3 de revisi\u00f3 d\u2019ofici per declarar nul de ple dret l\u2019acte administratiu pel qual es va aprovar l\u2019arrendament de la finca que conforma el Poliesportiu a l\u2019Associaci\u00f3 Segle XX mitjan\u00e7ant procediment obert i preu bonificat podent-se permetre el subarrendament de la partida del Local destinada a Bar Restaurant per part de l\u2019Arrendatari per acord del Ple de data 17 de setembre del 2013.<\/strong><\/p>\n<p>El 2016 l\u2019Ajuntament va sol\u00b7licitar una auditoria sobre la contractaci\u00f3 administrativa de serveis realitzats per l\u2019Ajuntament en el per\u00edode 2011\/15.<\/p>\n<p>En relaci\u00f3 a un contracte d\u2019arrendament entre l\u2019Ajuntament i l\u2019entitat Club segle XX, aprovat per Ple el 2013, l\u2019informe d\u2019auditoria manifesta que el Poliesportiu Municipal est\u00e0 classificat com a patrimoni municipal del s\u00f2l i que, per tant, no es podia adjudicar directament a una entitat sin\u00f3 que s\u2019havia de fer concurs.<\/p>\n<p>Posteriorment es va sol\u00b7licitar un informe a la Diputaci\u00f3 de Tarragona i les conclusions d\u2019aquest informe s\u00f3n:<\/p>\n<ul>\n<li>No \u00e9s correcte adjudicar la gesti\u00f3 de l\u2019immoble amb un contracte d\u2019arrendament, sin\u00f3 que s\u2019ha de fer amb concurs<\/li>\n<li>Es va adjudicar el contracte com a b\u00e9 patrimonial i no ho \u00e9s , \u00e9s un b\u00e9 de patrimoni municipal del s\u00f2l<\/li>\n<li>El c\u00e0non del contracte no est\u00e0 fonamentat en cap estudi econ\u00f2mic<\/li>\n<\/ul>\n<p>A partir de l\u2019auditoria i l\u2019informe de la Diputaci\u00f3, el secretari municipal redacta un informe on manifesta que aquest \u00e9s nul d\u2019acord amb l\u2019article 47 de la Llei 39\/2015, d\u20191 d\u2019octubre del Procediment Administratiu Com\u00fa de les Administracions P\u00fabliques, ja que \u00e9s un acte administratiu que prescindeix total i absolutament del procediment establert.<\/p>\n<p>L\u2019Ajuntament ha de sol\u00b7licitar dictamen a la Comissi\u00f3 Jur\u00eddica Assessora de la Generalitat de Catalunya perqu\u00e8 dictamini si \u00e9s nul o no ho \u00e9s.<\/p>\n<p>No s\u2019aprova aquest punt amb els vots en contra d\u2019ERC i PSC. PDeCAT vota a favor.<\/p>\n<p><strong>12. Informaci\u00f3 de Gesti\u00f3.<\/strong><\/p>\n<p>Imports subvenci\u00f3 PAM aquest 2017: 218.499,74\u20ac<\/p>\n<p>S&#8217;informa que ja es compta amb el projecte de construcci\u00f3 del local social de la Miralba de 239.376,15\u20ac (IVA incl\u00f2s). \u00c9s un local de planta baixa, amb una sala gran polivalent, bar, lavabos, magatzem, dos despatxos i un porxo. Un total de 230,33m2 a la parcel\u00b7la municipal del costat d\u2019on hi ha la masia. La subvenci\u00f3 \u00e9s pel 90% de l\u2019import, o sigui de 215.438,54\u20ac (el 10% restant 23.937,61\u20ac \u00e9s amb fons propis de l\u2019Ajuntament). La resta d\u2019import de la subvenci\u00f3 (218.499,74\u20ac &#8211; 215.438,54\u20ac= 3.061,46\u20ac) es demana per despeses corrents, assegurances.<\/p>\n<p>Aquest punt no es vota.<\/p>\n<p><strong>13.Precs i preguntes.<\/strong><\/p>\n<p>&nbsp;<\/p>\n<p>&nbsp;<\/p>\n<p>&nbsp;<\/p>\n","protected":false},"excerpt":{"rendered":"<p>El passat dilluns 19 de juny l\u2019Ajuntament de la Bisbal del Pened\u00e8s va celebrar el ple ordinari corresponent al segon trimestre de 2017 que va constar dels seg\u00fcents PUNTS: 1. &hellip; <a href=\"https:\/\/bisbalpenedes.com\/web\/2017\/06\/21\/punts-tractats-al-ple-del-19-de-juny-i-resultat-de-la-votacio-dels-regidors\/\" class=\"more-link\">Read More<\/a><\/p>\n","protected":false},"author":4,"featured_media":2655,"comment_status":"closed","ping_status":"closed","sticky":false,"template":"","format":"standard","meta":[],"categories":[4],"tags":[562,561,139,250],"_links":{"self":[{"href":"https:\/\/bisbalpenedes.com\/web\/wp-json\/wp\/v2\/posts\/2654"}],"collection":[{"href":"https:\/\/bisbalpenedes.com\/web\/wp-json\/wp\/v2\/posts"}],"about":[{"href":"https:\/\/bisbalpenedes.com\/web\/wp-json\/wp\/v2\/types\/post"}],"author":[{"embeddable":true,"href":"https:\/\/bisbalpenedes.com\/web\/wp-json\/wp\/v2\/users\/4"}],"replies":[{"embeddable":true,"href":"https:\/\/bisbalpenedes.com\/web\/wp-json\/wp\/v2\/comments?post=2654"}],"version-history":[{"count":11,"href":"https:\/\/bisbalpenedes.com\/web\/wp-json\/wp\/v2\/posts\/2654\/revisions"}],"predecessor-version":[{"id":2657,"href":"https:\/\/bisbalpenedes.com\/web\/wp-json\/wp\/v2\/posts\/2654\/revisions\/2657"}],"wp:featuredmedia":[{"embeddable":true,"href":"https:\/\/bisbalpenedes.com\/web\/wp-json\/wp\/v2\/media\/2655"}],"wp:attachment":[{"href":"https:\/\/bisbalpenedes.com\/web\/wp-json\/wp\/v2\/media?parent=2654"}],"wp:term":[{"taxonomy":"category","embeddable":true,"href":"https:\/\/bisbalpenedes.com\/web\/wp-json\/wp\/v2\/categories?post=2654"},{"taxonomy":"post_tag","embeddable":true,"href":"https:\/\/bisbalpenedes.com\/web\/wp-json\/wp\/v2\/tags?post=2654"}],"curies":[{"name":"wp","href":"https:\/\/api.w.org\/{rel}","templated":true}]}}