{"id":26495,"date":"2023-07-14T12:29:44","date_gmt":"2023-07-14T10:29:44","guid":{"rendered":"https:\/\/bisbalpenedes.com\/web\/?p=26495"},"modified":"2023-07-14T12:29:44","modified_gmt":"2023-07-14T10:29:44","slug":"shan-repintat-les-busties-exteriors-del-papagai-i-la-pineda-de-santa-cristina","status":"publish","type":"post","link":"https:\/\/bisbalpenedes.com\/web\/2023\/07\/14\/shan-repintat-les-busties-exteriors-del-papagai-i-la-pineda-de-santa-cristina\/","title":{"rendered":"S\u2019han repintat les b\u00fasties exteriors del Papagai i la Pineda de Santa Cristina"},"content":{"rendered":"\n<p>L&#8217;Ajuntament de la Bisbal del Pened\u00e8s va repintar les b\u00fasties exteriors del Papagai la Pineda de Santa Cristina durant el mes de maig amb l&#8217;objectiu que quedessin del mateix color -gris fosc- que les noves b\u00fasties instal\u00b7lades. Aquests treballs han tingut un cost de 533,61\u20ac (IVA incl\u00f2s) i els ha dut a terme el pintor Jaume Esteve.<\/p>\n\n\n\n<p>L&#8217;Ajuntament de la Bisbal ha adquirit alguns m\u00f2duls nous i ha arranjat els antics perqu\u00e8 es puguin continuar utilitzant, col\u00b7locant les portes i claus corresponents i arreglant els desperfectes que presentaven. L&#8217;objectiu d&#8217;aquestes actuacions \u00e9s comptar amb b\u00fasties suficients per a tota la poblaci\u00f3 empadronada, tenint en compte l&#8217;increment demogr\u00e0fic que ha experimentat el municipi en els darrers anys. Per a m\u00e9s informaci\u00f3 podeu accedir al seg\u00fcent enlla\u00e7: <a href=\"https:\/\/bisbalpenedes.com\/web\/2022\/09\/30\/saprova-la-compra-de-busties-per-a-les-urbanitzacions-de-la-miralba-i-la-pineda-de-santa-cristina\/\">https:\/\/bisbalpenedes.com\/web\/2022\/09\/30\/saprova-la-compra-de-busties-per-a-les-urbanitzacions-de-la-miralba-i-la-pineda-de-santa-cristina\/<\/a><\/p>\n\n\n\n<hr class=\"wp-block-separator has-alpha-channel-opacity\"\/>\n\n\n\n<p><strong>CASTELLANO | <\/strong>El Ayuntamiento de la Bisbal del Pened\u00e8s repint\u00f3 los buzones exteriores del Papagai y la Pineda de Santa Cristina durante el mes de mayo con el objetivo de que quedasen del mismo color -gris oscuro- que los nuevos buzones instalados. Estos trabajos han tenido un coste de 533,61\u20ac (IVA incluido) y los ha llevado a cabo el pintor Jaume Esteve.<\/p>\n\n\n\n<p>El Ayuntamiento de la Bisbal del Pened\u00e8s ha adquirido algunos m\u00f3dulos nuevos y ha arreglado los antiguos para que se puedan seguir utilizando, colocando las puertas y llaves correspondientes y arreglando los desperfectos que presentaban. El objetivo de estas actuaciones es contar con buzones suficientes para toda la poblaci\u00f3n empadronada, teniendo en cuenta el incremento demogr\u00e1fico que ha experimentado el municipio en los \u00faltimos a\u00f1os. Para m\u00e1s informaci\u00f3n pod\u00e9is acceder al siguiente enlace: <a href=\"https:\/\/bisbalpenedes.com\/web\/2022\/09\/30\/saprova-la-compra-de-busties-per-a-les-urbanitzacions-de-la-miralba-i-la-pineda-de-santa-cristina\/\">https:\/\/bisbalpenedes.com\/web\/2022\/09\/30\/saprova-la-compra-de-busties-per-a-les-urbanitzacions-de-la-miralba-i-la-pineda-de-santa-cristina\/<\/a><\/p>\n\n\n\n<figure class=\"wp-block-image size-large\"><img loading=\"lazy\" width=\"1024\" height=\"768\" src=\"https:\/\/bisbalpenedes.com\/web\/wp-content\/uploads\/2023\/07\/BUSTIES-SANTA-CRISTINA-1024x768.jpeg\" alt=\"\" class=\"wp-image-26497\" srcset=\"https:\/\/bisbalpenedes.com\/web\/wp-content\/uploads\/2023\/07\/BUSTIES-SANTA-CRISTINA-1024x768.jpeg 1024w, https:\/\/bisbalpenedes.com\/web\/wp-content\/uploads\/2023\/07\/BUSTIES-SANTA-CRISTINA-300x225.jpeg 300w, https:\/\/bisbalpenedes.com\/web\/wp-content\/uploads\/2023\/07\/BUSTIES-SANTA-CRISTINA-768x576.jpeg 768w, https:\/\/bisbalpenedes.com\/web\/wp-content\/uploads\/2023\/07\/BUSTIES-SANTA-CRISTINA-600x450.jpeg 600w, https:\/\/bisbalpenedes.com\/web\/wp-content\/uploads\/2023\/07\/BUSTIES-SANTA-CRISTINA.jpeg 1280w\" sizes=\"(max-width: 1024px) 100vw, 1024px\" \/><\/figure>\n","protected":false},"excerpt":{"rendered":"<p>L&#8217;Ajuntament de la Bisbal del Pened\u00e8s va repintar les b\u00fasties exteriors del Papagai la Pineda de Santa Cristina durant el mes de maig amb l&#8217;objectiu que quedessin del mateix color &hellip; <a href=\"https:\/\/bisbalpenedes.com\/web\/2023\/07\/14\/shan-repintat-les-busties-exteriors-del-papagai-i-la-pineda-de-santa-cristina\/\" class=\"more-link\">Read More<\/a><\/p>\n","protected":false},"author":4,"featured_media":26496,"comment_status":"closed","ping_status":"closed","sticky":false,"template":"","format":"standard","meta":[],"categories":[4287,8],"tags":[459,4634,393,24,622,919],"_links":{"self":[{"href":"https:\/\/bisbalpenedes.com\/web\/wp-json\/wp\/v2\/posts\/26495"}],"collection":[{"href":"https:\/\/bisbalpenedes.com\/web\/wp-json\/wp\/v2\/posts"}],"about":[{"href":"https:\/\/bisbalpenedes.com\/web\/wp-json\/wp\/v2\/types\/post"}],"author":[{"embeddable":true,"href":"https:\/\/bisbalpenedes.com\/web\/wp-json\/wp\/v2\/users\/4"}],"replies":[{"embeddable":true,"href":"https:\/\/bisbalpenedes.com\/web\/wp-json\/wp\/v2\/comments?post=26495"}],"version-history":[{"count":1,"href":"https:\/\/bisbalpenedes.com\/web\/wp-json\/wp\/v2\/posts\/26495\/revisions"}],"predecessor-version":[{"id":26498,"href":"https:\/\/bisbalpenedes.com\/web\/wp-json\/wp\/v2\/posts\/26495\/revisions\/26498"}],"wp:featuredmedia":[{"embeddable":true,"href":"https:\/\/bisbalpenedes.com\/web\/wp-json\/wp\/v2\/media\/26496"}],"wp:attachment":[{"href":"https:\/\/bisbalpenedes.com\/web\/wp-json\/wp\/v2\/media?parent=26495"}],"wp:term":[{"taxonomy":"category","embeddable":true,"href":"https:\/\/bisbalpenedes.com\/web\/wp-json\/wp\/v2\/categories?post=26495"},{"taxonomy":"post_tag","embeddable":true,"href":"https:\/\/bisbalpenedes.com\/web\/wp-json\/wp\/v2\/tags?post=26495"}],"curies":[{"name":"wp","href":"https:\/\/api.w.org\/{rel}","templated":true}]}}