{"id":26467,"date":"2023-07-13T11:09:44","date_gmt":"2023-07-13T09:09:44","guid":{"rendered":"https:\/\/bisbalpenedes.com\/web\/?p=26467"},"modified":"2023-07-13T11:09:44","modified_gmt":"2023-07-13T09:09:44","slug":"avis-supressio-de-la-parada-de-bus-del-carrer-huesca-del-priorat-de-la-bisbal-fins-a-nou-avis","status":"publish","type":"post","link":"https:\/\/bisbalpenedes.com\/web\/2023\/07\/13\/avis-supressio-de-la-parada-de-bus-del-carrer-huesca-del-priorat-de-la-bisbal-fins-a-nou-avis\/","title":{"rendered":"Av\u00eds: supressi\u00f3 de la parada de bus del carrer Huesca del Priorat de la Bisbal fins a nou av\u00eds"},"content":{"rendered":"\n<p>A causa de les obres per a la millora de la xarxa d&#8217;aigua del Priorat de la Bisbal, el bus urb\u00e0 no s&#8217;aturar\u00e0 al carrer Huesca fins a nou av\u00eds. Disculpeu les mol\u00e8sties.<\/p>\n\n\n\n<hr class=\"wp-block-separator has-alpha-channel-opacity\"\/>\n\n\n\n<p>A causa de las obras para la mejora de la red de agua del Priorat de la Bisbal, el bus urbano no parar\u00e1 en la calle Huesca hasta nuevo aviso. Disculpad las molestias.<\/p>\n\n\n\n<figure class=\"wp-block-image size-large\"><img loading=\"lazy\" width=\"1024\" height=\"1024\" src=\"https:\/\/bisbalpenedes.com\/web\/wp-content\/uploads\/2023\/07\/2-1-1024x1024.png\" alt=\"\" class=\"wp-image-26469\" srcset=\"https:\/\/bisbalpenedes.com\/web\/wp-content\/uploads\/2023\/07\/2-1-1024x1024.png 1024w, https:\/\/bisbalpenedes.com\/web\/wp-content\/uploads\/2023\/07\/2-1-300x300.png 300w, https:\/\/bisbalpenedes.com\/web\/wp-content\/uploads\/2023\/07\/2-1-150x150.png 150w, https:\/\/bisbalpenedes.com\/web\/wp-content\/uploads\/2023\/07\/2-1-768x768.png 768w, https:\/\/bisbalpenedes.com\/web\/wp-content\/uploads\/2023\/07\/2-1-600x600.png 600w, https:\/\/bisbalpenedes.com\/web\/wp-content\/uploads\/2023\/07\/2-1-100x100.png 100w, https:\/\/bisbalpenedes.com\/web\/wp-content\/uploads\/2023\/07\/2-1.png 1080w\" sizes=\"(max-width: 1024px) 100vw, 1024px\" \/><\/figure>\n","protected":false},"excerpt":{"rendered":"<p>A causa de les obres per a la millora de la xarxa d&#8217;aigua del Priorat de la Bisbal, el bus urb\u00e0 no s&#8217;aturar\u00e0 al carrer Huesca fins a nou av\u00eds. &hellip; <a href=\"https:\/\/bisbalpenedes.com\/web\/2023\/07\/13\/avis-supressio-de-la-parada-de-bus-del-carrer-huesca-del-priorat-de-la-bisbal-fins-a-nou-avis\/\" class=\"more-link\">Read More<\/a><\/p>\n","protected":false},"author":4,"featured_media":26468,"comment_status":"closed","ping_status":"closed","sticky":false,"template":"","format":"standard","meta":[],"categories":[1628,8,2711],"tags":[459,393],"_links":{"self":[{"href":"https:\/\/bisbalpenedes.com\/web\/wp-json\/wp\/v2\/posts\/26467"}],"collection":[{"href":"https:\/\/bisbalpenedes.com\/web\/wp-json\/wp\/v2\/posts"}],"about":[{"href":"https:\/\/bisbalpenedes.com\/web\/wp-json\/wp\/v2\/types\/post"}],"author":[{"embeddable":true,"href":"https:\/\/bisbalpenedes.com\/web\/wp-json\/wp\/v2\/users\/4"}],"replies":[{"embeddable":true,"href":"https:\/\/bisbalpenedes.com\/web\/wp-json\/wp\/v2\/comments?post=26467"}],"version-history":[{"count":1,"href":"https:\/\/bisbalpenedes.com\/web\/wp-json\/wp\/v2\/posts\/26467\/revisions"}],"predecessor-version":[{"id":26470,"href":"https:\/\/bisbalpenedes.com\/web\/wp-json\/wp\/v2\/posts\/26467\/revisions\/26470"}],"wp:featuredmedia":[{"embeddable":true,"href":"https:\/\/bisbalpenedes.com\/web\/wp-json\/wp\/v2\/media\/26468"}],"wp:attachment":[{"href":"https:\/\/bisbalpenedes.com\/web\/wp-json\/wp\/v2\/media?parent=26467"}],"wp:term":[{"taxonomy":"category","embeddable":true,"href":"https:\/\/bisbalpenedes.com\/web\/wp-json\/wp\/v2\/categories?post=26467"},{"taxonomy":"post_tag","embeddable":true,"href":"https:\/\/bisbalpenedes.com\/web\/wp-json\/wp\/v2\/tags?post=26467"}],"curies":[{"name":"wp","href":"https:\/\/api.w.org\/{rel}","templated":true}]}}