{"id":26462,"date":"2023-07-12T13:18:53","date_gmt":"2023-07-12T11:18:53","guid":{"rendered":"https:\/\/bisbalpenedes.com\/web\/?p=26462"},"modified":"2023-07-12T13:27:28","modified_gmt":"2023-07-12T11:27:28","slug":"sha-aprovat-el-regim-de-dedicacions-retribucions-i-indemnitzacions-dels-carrecs-publics","status":"publish","type":"post","link":"https:\/\/bisbalpenedes.com\/web\/2023\/07\/12\/sha-aprovat-el-regim-de-dedicacions-retribucions-i-indemnitzacions-dels-carrecs-publics\/","title":{"rendered":"<strong>S\u2019ha aprovat el r\u00e8gim de dedicacions, retribucions i indemnitzacions dels c\u00e0rrecs p\u00fablics<\/strong>"},"content":{"rendered":"\n<p>El <a href=\"mailto:https:\/\/bit.ly\/46IYuZx\">Ple extraordinari<\/a> celebrat el passat dijous 6 de juliol va aprovar el r\u00e8gim de dedicacions, retribucions i indemnitzacions dels c\u00e0rrecs p\u00fablics.<\/p>\n\n\n\n<p>La disposici\u00f3 addicional vint-i-setena de la Llei 31\/2022, del 23 de desembre, de pressupostos generals de l\u2019Estat estableix que el sou m\u00e0xim que pot cobrar un alcalde o regidor d\u2019un municipi d\u2019entre 1.000 i 5.000 habitants sigui de 46.464,02 euros. La proposta de r\u00e8gim de dedicaci\u00f3 i retribucions per als regidors i regidores de l\u2019Ajuntament aprovada suposa que l\u2019alcaldessa cobri un 56% d\u2019aquest import m\u00e0xim i que cinc regidors cobrin menys de la meitat d\u2019aquest m\u00e0xim. Les dedicacions i sous aprovats s\u00f3n els seg\u00fcents:<\/p>\n\n\n\n<ul><li>Agn\u00e8s Ferr\u00e9, dedicaci\u00f3 exclusiva: 26.000\u20ac bruts anuals (el mateix que en els dos mandats anteriors).<\/li><\/ul>\n\n\n\n<ul><li>Judith Vidal, dedicaci\u00f3 parcial del 75%: 22.000\u20ac bruts anuals.<\/li><\/ul>\n\n\n\n<ul><li>Paqui&nbsp;Cepas, dedicaci\u00f3 parcial del 75%: 22.000\u20ac bruts anuals.<\/li><\/ul>\n\n\n\n<ul><li>Feliu Gil, dedicaci\u00f3 parcial del 75%: 22.000 bruts anuals<\/li><\/ul>\n\n\n\n<ul><li>Dani Caballero: dedicaci\u00f3 parcial del 75%: 22.000 bruts anuals<\/li><\/ul>\n\n\n\n<p>R\u00e8gim d\u2019indemnitzacions per assist\u00e8ncia als \u00f2rgans col\u00b7legiats per als c\u00e0rrecs electes que no tinguin dedicaci\u00f3 exclusiva ni parcial (com \u00e9s el cas de la regidora del govern Si\u00edvia Monfort i dels quatre regidors de l\u2019oposici\u00f3: Mart\u00edn&nbsp;Deluca, Jaime Valls,&nbsp;Maguy Antol\u00edn&nbsp;y Ra\u00fal Cort\u00e9s:<\/p>\n\n\n\n<ul><li>Ple: 200\u20ac per sessi\u00f3<\/li><\/ul>\n\n\n\n<ul><li>Junta de Govern Local: 400\u20ac per sessi\u00f3<\/li><\/ul>\n\n\n\n<ul><li>Comissi\u00f3 Especial de Comptes: 200\u20ac per sessi\u00f3<\/li><\/ul>\n\n\n\n<p>Durant l\u2019aprovaci\u00f3 de les retribucions, l\u2019alcaldessa de la Bisbal del Pened\u00e8s, Agn\u00e8s Ferr\u00e9, va voler explicar que&nbsp;<em>\u201cDes del 2015, que vam entrar a govern, que els membres de l\u2019equip de govern cobrem sou o assist\u00e8ncies i no cobrem ni dietes ni quilometratges.<\/em><\/p>\n\n\n\n<p><em>Quan vam entrar a govern el 2015, ens vam trobar un Ajuntament endeutat molt per sobre del m\u00e0xim legal, amb moltes factures per pagar, on l\u2019equip de govern cobrava un total de 144.000\u00a0euros\u00a0bruts anuals i l\u2019alcalde un sou de 44.000\u00a0euros\u00a0bruts. Vam rebaixar sous i, vuit anys despr\u00e9s, tenim Ajuntament sanejat, cap factura pendent, no hem apujat impostos i tot i aix\u00f2 el total de sous \u00e9s\u00a0m\u00e9s baix\u201d.<\/em><\/p>\n\n\n\n<hr class=\"wp-block-separator has-alpha-channel-opacity\"\/>\n\n\n\n<p><strong>CASTELLANO |<\/strong> El <a href=\"mailto:https:\/\/bit.ly\/46IYuZx\">Pleno extraordinario<\/a> celebrado el pasado 6 de julio aprob\u00f3 el r\u00e9gimen de dedicaciones, retribuciones e indemnizaciones de los cargos p\u00fablicos.<\/p>\n\n\n\n<p>La disposici\u00f3n adicional vigesimos\u00e9ptima de la Ley 31\/2022, del 23 de diciembre, de presupuestos generales del Estado establece que el sueldo m\u00e1ximo que puede cobrar un alcalde o un concejal de un municipio de entre 1.000 y 5.000 habitantes sea de 46.464,02 euros. La propuesta de r\u00e9gimen de dedicaci\u00f3n y retribuciones para los concejales y concejalas del Ayuntamiento aprobada supone que la alcaldesa cobre un 56% de este importe m\u00e1ximo y que cinco concejales cobren menos de la mitad de este m\u00e1ximo. Las dedicaciones y sueldos aprobados son los siguientes:<\/p>\n\n\n\n<p>-Agn\u00e8s Ferr\u00e9, dedicaci\u00f3n exclusiva: 26.000\u20ac brutos anuales (lo mismo que en los dos mandatos anteriores).<\/p>\n\n\n\n<p>-Judith Vidal, dedicaci\u00f3n parcial del 75%: 22.000\u20ac brutos anuales.<\/p>\n\n\n\n<p>-Paqui Cepas, dedicaci\u00f3n parcial del 75%: 22.000\u20ac brutos anuales.<\/p>\n\n\n\n<p>-Feliu Gil, dedicaci\u00f3n parcial del 75%: 22.000\u20ac brutos anuales.<\/p>\n\n\n\n<p>-Dani Caballero, dedicaci\u00f3n parcial del 75%: 22.000\u20ac brutos anuales.<\/p>\n\n\n\n<p>R\u00e9gimen de indemnizaciones por asistencia a los \u00f3rganos colegiados para los cargos electos que no tengan dedicaci\u00f3n exclusiva ni parcial (como es el caso de la concejala del gobierno S\u00edlvia Monfort y los cuatro concejales de la oposici\u00f3n: Mart\u00edn Deluca, Jaime Valls, Maguy Antol\u00edn y Ra\u00fal Cort\u00e9s):<\/p>\n\n\n\n<p>Pleno: 200\u20ac por sesi\u00f3n<\/p>\n\n\n\n<p>Junta de Gobierno Local: 400\u20ac por sesi\u00f3n<\/p>\n\n\n\n<p>Comisi\u00f3n Especial de Cuentas: 200\u20ac por sesi\u00f3n<\/p>\n\n\n\n<p>Durante la aprobaci\u00f3n de las retribuciones, la alcaldesa de la Bisbal del Pened\u00e8s, Agn\u00e8s Ferr\u00e9, quiso explicar que <em>\u201cDesde el 2015, que entramos al gobierno, que los miembros del equipo de gobierno cobramos sueldo o asistencias y no cobramos dietas ni kilometrajes. Cuando entramos en el gobierno en el 2015, nos encontramos un Ayuntamiento endeudado muy por encima del m\u00e1ximo legal, con muchas facturas para pagar, donde el equipo de gobierno cobraba un total de 144.000 euros brutos anuales y el alcalde un sueldo de 44.000 euros brutos. Rebajamos sueldos y, ocho a\u00f1os m\u00e1s tarde, tenemos un Ayuntamiento saneado, ninguna factura pendiente, no hemos subido impuestos y aun as\u00ed el total de sueldos es m\u00e1s bajo\u201d.<\/em><\/p>\n","protected":false},"excerpt":{"rendered":"<p>El Ple extraordinari celebrat el passat dijous 6 de juliol va aprovar el r\u00e8gim de dedicacions, retribucions i indemnitzacions dels c\u00e0rrecs p\u00fablics. La disposici\u00f3 addicional vint-i-setena de la Llei 31\/2022, &hellip; <a href=\"https:\/\/bisbalpenedes.com\/web\/2023\/07\/12\/sha-aprovat-el-regim-de-dedicacions-retribucions-i-indemnitzacions-dels-carrecs-publics\/\" class=\"more-link\">Read More<\/a><\/p>\n","protected":false},"author":4,"featured_media":25996,"comment_status":"closed","ping_status":"closed","sticky":false,"template":"","format":"standard","meta":[],"categories":[2402,8,2250],"tags":[459,6103,6084,3289,393,1918,2686],"_links":{"self":[{"href":"https:\/\/bisbalpenedes.com\/web\/wp-json\/wp\/v2\/posts\/26462"}],"collection":[{"href":"https:\/\/bisbalpenedes.com\/web\/wp-json\/wp\/v2\/posts"}],"about":[{"href":"https:\/\/bisbalpenedes.com\/web\/wp-json\/wp\/v2\/types\/post"}],"author":[{"embeddable":true,"href":"https:\/\/bisbalpenedes.com\/web\/wp-json\/wp\/v2\/users\/4"}],"replies":[{"embeddable":true,"href":"https:\/\/bisbalpenedes.com\/web\/wp-json\/wp\/v2\/comments?post=26462"}],"version-history":[{"count":2,"href":"https:\/\/bisbalpenedes.com\/web\/wp-json\/wp\/v2\/posts\/26462\/revisions"}],"predecessor-version":[{"id":26464,"href":"https:\/\/bisbalpenedes.com\/web\/wp-json\/wp\/v2\/posts\/26462\/revisions\/26464"}],"wp:featuredmedia":[{"embeddable":true,"href":"https:\/\/bisbalpenedes.com\/web\/wp-json\/wp\/v2\/media\/25996"}],"wp:attachment":[{"href":"https:\/\/bisbalpenedes.com\/web\/wp-json\/wp\/v2\/media?parent=26462"}],"wp:term":[{"taxonomy":"category","embeddable":true,"href":"https:\/\/bisbalpenedes.com\/web\/wp-json\/wp\/v2\/categories?post=26462"},{"taxonomy":"post_tag","embeddable":true,"href":"https:\/\/bisbalpenedes.com\/web\/wp-json\/wp\/v2\/tags?post=26462"}],"curies":[{"name":"wp","href":"https:\/\/api.w.org\/{rel}","templated":true}]}}