{"id":26459,"date":"2023-07-12T13:06:41","date_gmt":"2023-07-12T11:06:41","guid":{"rendered":"https:\/\/bisbalpenedes.com\/web\/?p=26459"},"modified":"2023-07-12T13:06:41","modified_gmt":"2023-07-12T11:06:41","slug":"es-nomenen-els-representants-de-la-corporacio-a-organs-collegiats-i-altres-organismes-dels-quals-forma-part-lajuntament","status":"publish","type":"post","link":"https:\/\/bisbalpenedes.com\/web\/2023\/07\/12\/es-nomenen-els-representants-de-la-corporacio-a-organs-collegiats-i-altres-organismes-dels-quals-forma-part-lajuntament\/","title":{"rendered":"Es nomenen els representants de la Corporaci\u00f3 a \u00f2rgans col\u00b7legiats i altres organismes dels quals forma part l\u2019Ajuntament"},"content":{"rendered":"\n<p>El <a href=\"mailto:https:\/\/bit.ly\/46IYuZx\">Ple extraordinari del 6 de juliol<\/a> va aprovar el nomenament dels representants de la Corporaci\u00f3 a \u00f2rgans col\u00b7legiats i altres organismes dels quals forma part l\u2019Ajuntament.&nbsp; Concretament, es va aprovar la seg\u00fcent proposta de nomenaments:<\/p>\n\n\n\n<p>-Consell Escolar de l\u2019escola Ull de Vent: el regidor d\u2019ensenyament Dani Caballero<\/p>\n\n\n\n<p>-Consell Escolar de l\u2019institut Coster de la Torre: el regidor d\u2019ensenyament Dani Caballero<\/p>\n\n\n\n<p>-Consell escolar de la llar d\u2019infants municipal l\u2019Oreneta: el regidor d\u2019ensenyament Dani Caballero<\/p>\n\n\n\n<p>-Mancomunitat de l\u2019Albornar: l\u2019alcaldessa i els regidors Paqui Cepas i Dani Caballero<\/p>\n\n\n\n<p>-Consorci de Promoci\u00f3 Tur\u00edstica del Pened\u00e8s: la regidora de Turisme, Judith Vidal<\/p>\n\n\n\n<p>-Mancomunitat Pened\u00e8s-Garraf: l\u2019alcaldessa Agn\u00e8s Ferr\u00e9 i, de suplent, el regidor de Benestar Animal, Dani Caballero.<\/p>\n\n\n\n<p>-AMTU (Associaci\u00f3 de Municipis per la mobilitat i el transport urb\u00e0): l\u2019alcaldessa Agn\u00e8s Ferr\u00e9 i de suplent la regidora de Mobilitat, S\u00edlvia Monfort.<\/p>\n\n\n\n<p>-ACM (Associaci\u00f3 Catalana de Municipis): l\u2019alcaldessa Agn\u00e8s Ferr\u00e9 i, de suplent, la primera tinenta d\u2019alcaldessa, Judith Vidal.<\/p>\n\n\n\n<p>-Associaci\u00f3 de Municipis Catalans per la recollida porta a porta: el regidor de Gesti\u00f3 de residus, Dani Caballero.<\/p>\n\n\n\n<p>-Consell Esportiu del Baix Pened\u00e8s: el regidor d\u2019Esports, Joan Gimeno.<\/p>\n\n\n\n<hr class=\"wp-block-separator has-alpha-channel-opacity\"\/>\n\n\n\n<p><strong>CASTELLANO | <\/strong>El <a href=\"mailto:https:\/\/bit.ly\/46IYuZx\">Pleno extraordinario del 6 de julio<\/a> aprob\u00f3 el nombramiento de los representantes de la Corporaci\u00f3n a \u00f3rganos colegiados y a otros organismos de los que forma parte el Ayuntamiento. Concretamente, se aprob\u00f3 la siguiente propuesta de nombramientos:<\/p>\n\n\n\n<p>-Consell Escolar de l\u2019escola Ull de Vent: el concejal de Educaci\u00f3n Dani Caballero.<\/p>\n\n\n\n<p>-Consell Escolar de l\u2019institut Coster de la Torre: el concejal de Educaci\u00f3n Dani Caballero<\/p>\n\n\n\n<p>-Consell escolar de la llar d\u2019infants municipal l\u2019Oreneta: el concejal de Educaci\u00f3n Dani Caballero<\/p>\n\n\n\n<p>-Mancomunitat de l\u2019Albornar: la alcaldesa y los concejales Paqui Cepas y Dani Caballero<\/p>\n\n\n\n<p>-Consorci de Promoci\u00f3 Tur\u00edstica del Pened\u00e8s: la concejala de Turismo, Judith Vidal<\/p>\n\n\n\n<p>-Mancomunitat Pened\u00e8s-Garraf: la alcaldesa Agn\u00e8s Ferr\u00e9 y, de suplente, el Concejal de Bienestar Animal, Dani Caballero.<\/p>\n\n\n\n<p>-AMTU (Associaci\u00f3 de Municipis per la mobilitat i el transport urb\u00e0): la alcaldesa Agn\u00e8s Ferr\u00e9 y de suplente la Concejala de Movilidad, S\u00edlvia Monfort.<\/p>\n\n\n\n<p>-ACM (Associaci\u00f3 Catalana de Municipis): la alcaldesa Agn\u00e8s Ferr\u00e9 y, de suplente, la primera teniente de alcaldesa, Judith Vidal.<\/p>\n\n\n\n<p>-Associaci\u00f3 de Municipis Catalans per la recollida porta a porta: el Concejal de Gesti\u00f3n de Residuos, Dani Caballero.<\/p>\n\n\n\n<p>-Consell Esportiu del Baix Pened\u00e8s: el concejal de Deportes, Joan Gimeno.<\/p>\n","protected":false},"excerpt":{"rendered":"<p>El Ple extraordinari del 6 de juliol va aprovar el nomenament dels representants de la Corporaci\u00f3 a \u00f2rgans col\u00b7legiats i altres organismes dels quals forma part l\u2019Ajuntament.&nbsp; Concretament, es va &hellip; <a href=\"https:\/\/bisbalpenedes.com\/web\/2023\/07\/12\/es-nomenen-els-representants-de-la-corporacio-a-organs-collegiats-i-altres-organismes-dels-quals-forma-part-lajuntament\/\" class=\"more-link\">Read More<\/a><\/p>\n","protected":false},"author":4,"featured_media":26460,"comment_status":"closed","ping_status":"closed","sticky":false,"template":"","format":"standard","meta":[],"categories":[2402,8,2250],"tags":[459,393,6101,1374,6102],"_links":{"self":[{"href":"https:\/\/bisbalpenedes.com\/web\/wp-json\/wp\/v2\/posts\/26459"}],"collection":[{"href":"https:\/\/bisbalpenedes.com\/web\/wp-json\/wp\/v2\/posts"}],"about":[{"href":"https:\/\/bisbalpenedes.com\/web\/wp-json\/wp\/v2\/types\/post"}],"author":[{"embeddable":true,"href":"https:\/\/bisbalpenedes.com\/web\/wp-json\/wp\/v2\/users\/4"}],"replies":[{"embeddable":true,"href":"https:\/\/bisbalpenedes.com\/web\/wp-json\/wp\/v2\/comments?post=26459"}],"version-history":[{"count":1,"href":"https:\/\/bisbalpenedes.com\/web\/wp-json\/wp\/v2\/posts\/26459\/revisions"}],"predecessor-version":[{"id":26461,"href":"https:\/\/bisbalpenedes.com\/web\/wp-json\/wp\/v2\/posts\/26459\/revisions\/26461"}],"wp:featuredmedia":[{"embeddable":true,"href":"https:\/\/bisbalpenedes.com\/web\/wp-json\/wp\/v2\/media\/26460"}],"wp:attachment":[{"href":"https:\/\/bisbalpenedes.com\/web\/wp-json\/wp\/v2\/media?parent=26459"}],"wp:term":[{"taxonomy":"category","embeddable":true,"href":"https:\/\/bisbalpenedes.com\/web\/wp-json\/wp\/v2\/categories?post=26459"},{"taxonomy":"post_tag","embeddable":true,"href":"https:\/\/bisbalpenedes.com\/web\/wp-json\/wp\/v2\/tags?post=26459"}],"curies":[{"name":"wp","href":"https:\/\/api.w.org\/{rel}","templated":true}]}}