{"id":26455,"date":"2023-07-12T12:54:53","date_gmt":"2023-07-12T10:54:53","guid":{"rendered":"https:\/\/bisbalpenedes.com\/web\/?p=26455"},"modified":"2023-07-12T12:56:25","modified_gmt":"2023-07-12T10:56:25","slug":"el-ple-extraordinari-del-6-de-juliol-va-aprovar-la-creacio-i-composicio-de-la-comissio-especial-de-comptes","status":"publish","type":"post","link":"https:\/\/bisbalpenedes.com\/web\/2023\/07\/12\/el-ple-extraordinari-del-6-de-juliol-va-aprovar-la-creacio-i-composicio-de-la-comissio-especial-de-comptes\/","title":{"rendered":"El Ple extraordinari del 6 de juliol va aprovar la creaci\u00f3 i composici\u00f3 de la Comissi\u00f3 Especial de Comptes"},"content":{"rendered":"\n<p>El Ple del dijous 6 de juliol va aprovar, per unanimitat, la creaci\u00f3 i composici\u00f3 de la Comissi\u00f3 Especial de Comptes. Es tracta d\u2019un \u00f2rgan col\u00b7legiat de car\u00e0cter especial que t\u00e9 per objectiu examinar i informar del Compte General de la Corporaci\u00f3. La composici\u00f3 aprovada \u00e9s la seg\u00fcent:<\/p>\n\n\n\n<p>Presidenta: l\u2019alcaldessa<\/p>\n\n\n\n<p>Vocals: un\/a representant de cada grup pol\u00edtic municipal que actua amb vot ponderat<\/p>\n\n\n\n<ul><li>Per part de Comprom\u00eds amb la Bisbal: Feliu Gil com a titular i Judith Vidal com a suplent. Amb vot ponderat, per tant, el seu vot val per 5.<\/li><li>La Bisbal decideix: Mart\u00edn Deluca com a titular i Jaime Valls com a suplent. Amb vot ponderat, per tant, el seu vot val per 2.<\/li><li>Tots som la Bisbal: Maguy Antol\u00edn com a titular i Ra\u00fal Cort\u00e9s com a suplent. Amb vot ponderat, per tant, el seu vot val per 2.<\/li><li>PSC: Dani Caballero com a titular. El seu vot ponderat val per 1.<\/li><li>ERC: S\u00edlvia Monfort com a titular. El seu vol ponderat val per 1.<\/li><\/ul>\n\n\n\n<hr class=\"wp-block-separator has-alpha-channel-opacity\"\/>\n\n\n\n<p><strong>CASTELLANO |<\/strong> El Pleno del jueves 6 de julio aprob\u00f3, por unanimidad, la creaci\u00f3n y composici\u00f3n de la Comisi\u00f3n Especial de Cuentas. Se trata de un \u00f3rgano colegiado de car\u00e1cter especial que tiene como objetivo examinar e informar de la Cuenta General de la Corporaci\u00f3n. La composici\u00f3n aprobada es la siguiente:<\/p>\n\n\n\n<p>Presidenta: la alcaldesa<\/p>\n\n\n\n<p>Vocales: un\/a representante de cada grupo pol\u00edtico municipal que act\u00faa con voto ponderado<\/p>\n\n\n\n<ul><li>Por parte de Comprom\u00eds amb la Bisbal: Feliu Gil como titular y Judith Vidal como suplente. Con voto ponderado, por tanto, su voto vale por 5.<\/li><li>La Bisbal decideix: Mart\u00edn Deluca como titular y Jaime Valls como suplente. Con voto ponderado, por tanto, su voto vale por 2.<\/li><li>Tots som la Bisbal: Maguy Antol\u00edn como titular y Ra\u00fal Cort\u00e9s como suplente. Con voto ponderado, por tanto, su voto vale por 2.<\/li><li>PSC: Dani Caballero como titular. Su voto ponderado vale por 1.<\/li><li>ERC: S\u00edlvia Monfort como titular. Su voto ponderado vale por 1.<\/li><\/ul>\n","protected":false},"excerpt":{"rendered":"<p>El Ple del dijous 6 de juliol va aprovar, per unanimitat, la creaci\u00f3 i composici\u00f3 de la Comissi\u00f3 Especial de Comptes. Es tracta d\u2019un \u00f2rgan col\u00b7legiat de car\u00e0cter especial que &hellip; <a href=\"https:\/\/bisbalpenedes.com\/web\/2023\/07\/12\/el-ple-extraordinari-del-6-de-juliol-va-aprovar-la-creacio-i-composicio-de-la-comissio-especial-de-comptes\/\" class=\"more-link\">Read More<\/a><\/p>\n","protected":false},"author":4,"featured_media":26458,"comment_status":"closed","ping_status":"closed","sticky":false,"template":"","format":"standard","meta":[],"categories":[8,2250],"tags":[3941,521,393],"_links":{"self":[{"href":"https:\/\/bisbalpenedes.com\/web\/wp-json\/wp\/v2\/posts\/26455"}],"collection":[{"href":"https:\/\/bisbalpenedes.com\/web\/wp-json\/wp\/v2\/posts"}],"about":[{"href":"https:\/\/bisbalpenedes.com\/web\/wp-json\/wp\/v2\/types\/post"}],"author":[{"embeddable":true,"href":"https:\/\/bisbalpenedes.com\/web\/wp-json\/wp\/v2\/users\/4"}],"replies":[{"embeddable":true,"href":"https:\/\/bisbalpenedes.com\/web\/wp-json\/wp\/v2\/comments?post=26455"}],"version-history":[{"count":1,"href":"https:\/\/bisbalpenedes.com\/web\/wp-json\/wp\/v2\/posts\/26455\/revisions"}],"predecessor-version":[{"id":26457,"href":"https:\/\/bisbalpenedes.com\/web\/wp-json\/wp\/v2\/posts\/26455\/revisions\/26457"}],"wp:featuredmedia":[{"embeddable":true,"href":"https:\/\/bisbalpenedes.com\/web\/wp-json\/wp\/v2\/media\/26458"}],"wp:attachment":[{"href":"https:\/\/bisbalpenedes.com\/web\/wp-json\/wp\/v2\/media?parent=26455"}],"wp:term":[{"taxonomy":"category","embeddable":true,"href":"https:\/\/bisbalpenedes.com\/web\/wp-json\/wp\/v2\/categories?post=26455"},{"taxonomy":"post_tag","embeddable":true,"href":"https:\/\/bisbalpenedes.com\/web\/wp-json\/wp\/v2\/tags?post=26455"}],"curies":[{"name":"wp","href":"https:\/\/api.w.org\/{rel}","templated":true}]}}