{"id":26452,"date":"2023-07-12T12:01:30","date_gmt":"2023-07-12T10:01:30","guid":{"rendered":"https:\/\/bisbalpenedes.com\/web\/?p=26452"},"modified":"2023-07-12T12:01:30","modified_gmt":"2023-07-12T10:01:30","slug":"el-bar-del-local-social-de-can-gordei-tornara-a-obrir-properament","status":"publish","type":"post","link":"https:\/\/bisbalpenedes.com\/web\/2023\/07\/12\/el-bar-del-local-social-de-can-gordei-tornara-a-obrir-properament\/","title":{"rendered":"El bar del local social de Can Gordei tornar\u00e0 a obrir properament"},"content":{"rendered":"\n<p>Ahir dimarts es va signar el contracte perqu\u00e8 la persona que va quedar tercera en la classificaci\u00f3 de l\u2019adjudicaci\u00f3 del servei de bar i botiga del local social de Can Gordei el pugui gestionar. Aquesta persona \u00e9s el bisbalenc Carlos Trapani i, durant els pr\u00f2xims dies, preparar\u00e0 el local i els productes que hi oferir\u00e0 per poder obrir com m\u00e9s aviat millor.<\/p>\n\n\n\n<hr class=\"wp-block-separator has-alpha-channel-opacity\"\/>\n\n\n\n<p><strong>CASTELLANO |\u00a0<\/strong>Ayer martes se firm\u00f3 el contrato para que la persona que qued\u00f3 tercera en la clasificaci\u00f3n de la adjudicaci\u00f3n del servicio de bar y tienda del local social de Can Gordei lo pueda gestionar. Esta persona es el bisbalenc Carlos Trapani y, durante los pr\u00f3ximos d\u00edas, preparar\u00e1 el local y los productos que ofrecer\u00e1 para poder abrir cuanto antes mejor.<\/p>\n","protected":false},"excerpt":{"rendered":"<p>Ahir dimarts es va signar el contracte perqu\u00e8 la persona que va quedar tercera en la classificaci\u00f3 de l\u2019adjudicaci\u00f3 del servei de bar i botiga del local social de Can &hellip; <a href=\"https:\/\/bisbalpenedes.com\/web\/2023\/07\/12\/el-bar-del-local-social-de-can-gordei-tornara-a-obrir-properament\/\" class=\"more-link\">Read More<\/a><\/p>\n","protected":false},"author":4,"featured_media":26453,"comment_status":"closed","ping_status":"closed","sticky":false,"template":"","format":"standard","meta":[],"categories":[4287,8],"tags":[459,140,198,6099,393,1374],"_links":{"self":[{"href":"https:\/\/bisbalpenedes.com\/web\/wp-json\/wp\/v2\/posts\/26452"}],"collection":[{"href":"https:\/\/bisbalpenedes.com\/web\/wp-json\/wp\/v2\/posts"}],"about":[{"href":"https:\/\/bisbalpenedes.com\/web\/wp-json\/wp\/v2\/types\/post"}],"author":[{"embeddable":true,"href":"https:\/\/bisbalpenedes.com\/web\/wp-json\/wp\/v2\/users\/4"}],"replies":[{"embeddable":true,"href":"https:\/\/bisbalpenedes.com\/web\/wp-json\/wp\/v2\/comments?post=26452"}],"version-history":[{"count":1,"href":"https:\/\/bisbalpenedes.com\/web\/wp-json\/wp\/v2\/posts\/26452\/revisions"}],"predecessor-version":[{"id":26454,"href":"https:\/\/bisbalpenedes.com\/web\/wp-json\/wp\/v2\/posts\/26452\/revisions\/26454"}],"wp:featuredmedia":[{"embeddable":true,"href":"https:\/\/bisbalpenedes.com\/web\/wp-json\/wp\/v2\/media\/26453"}],"wp:attachment":[{"href":"https:\/\/bisbalpenedes.com\/web\/wp-json\/wp\/v2\/media?parent=26452"}],"wp:term":[{"taxonomy":"category","embeddable":true,"href":"https:\/\/bisbalpenedes.com\/web\/wp-json\/wp\/v2\/categories?post=26452"},{"taxonomy":"post_tag","embeddable":true,"href":"https:\/\/bisbalpenedes.com\/web\/wp-json\/wp\/v2\/tags?post=26452"}],"curies":[{"name":"wp","href":"https:\/\/api.w.org\/{rel}","templated":true}]}}