{"id":26449,"date":"2023-07-12T11:49:32","date_gmt":"2023-07-12T09:49:32","guid":{"rendered":"https:\/\/bisbalpenedes.com\/web\/?p=26449"},"modified":"2023-07-12T11:49:32","modified_gmt":"2023-07-12T09:49:32","slug":"aquestes-son-les-festes-locals-que-tindrem-lany-2024","status":"publish","type":"post","link":"https:\/\/bisbalpenedes.com\/web\/2023\/07\/12\/aquestes-son-les-festes-locals-que-tindrem-lany-2024\/","title":{"rendered":"Aquestes s\u00f3n les festes locals que tindrem l&#8217;any 2024"},"content":{"rendered":"\n<p>El Ple extraordinari celebrat el passat 6 de juliol va aprovar, per unanimitat, els festius locals del 2024:<\/p>\n\n\n\n<ul><li>El dimarts 23 d\u2019abril, Diada de Sant Jordi.<\/li><li>El divendres 16 d\u2019agost, Festa Major.<\/li><\/ul>\n\n\n\n<p>El passat 13 de juny de 2023 el Diari Oficial de la Generalitat de Catalunya va publicar el calendari oficial de festes laborals per a l\u2019any 2024. En la mateixa publicaci\u00f3 es recordava que els ajuntaments havien de fixar dues festes locals, retribu\u00efdes i no recuperables.<\/p>\n\n\n\n<hr class=\"wp-block-separator has-alpha-channel-opacity\"\/>\n\n\n\n<p><strong>CASTELLANO l<\/strong> Pleno extraordinario celebrado el pasado 6 de julio aprob\u00f3, por unanimidad, los festivos locales del 2024:<\/p>\n\n\n\n<ul><li>El martes 23 de abril, Diada de Sant Jordi.<\/li><li>El viernes 16 de agosto, Fiesta Mayor.<\/li><\/ul>\n\n\n\n<p>El pasado 13 de junio de 2023 el Diario Oficial de la Generalitat de Catalu\u00f1a public\u00f3 el calendario oficial de fiestas laborales para el a\u00f1o 2024. En la misma publicaci\u00f3n se recordaba que los ayuntamientos ten\u00edan que fijar dos fiestas locales, retribuidas y no recuperables.<\/p>\n","protected":false},"excerpt":{"rendered":"<p>El Ple extraordinari celebrat el passat 6 de juliol va aprovar, per unanimitat, els festius locals del 2024: El dimarts 23 d\u2019abril, Diada de Sant Jordi. El divendres 16 d\u2019agost, &hellip; <a href=\"https:\/\/bisbalpenedes.com\/web\/2023\/07\/12\/aquestes-son-les-festes-locals-que-tindrem-lany-2024\/\" class=\"more-link\">Read More<\/a><\/p>\n","protected":false},"author":4,"featured_media":26450,"comment_status":"closed","ping_status":"closed","sticky":false,"template":"","format":"standard","meta":[],"categories":[2402,8],"tags":[459,3968,6098,6097,393],"_links":{"self":[{"href":"https:\/\/bisbalpenedes.com\/web\/wp-json\/wp\/v2\/posts\/26449"}],"collection":[{"href":"https:\/\/bisbalpenedes.com\/web\/wp-json\/wp\/v2\/posts"}],"about":[{"href":"https:\/\/bisbalpenedes.com\/web\/wp-json\/wp\/v2\/types\/post"}],"author":[{"embeddable":true,"href":"https:\/\/bisbalpenedes.com\/web\/wp-json\/wp\/v2\/users\/4"}],"replies":[{"embeddable":true,"href":"https:\/\/bisbalpenedes.com\/web\/wp-json\/wp\/v2\/comments?post=26449"}],"version-history":[{"count":1,"href":"https:\/\/bisbalpenedes.com\/web\/wp-json\/wp\/v2\/posts\/26449\/revisions"}],"predecessor-version":[{"id":26451,"href":"https:\/\/bisbalpenedes.com\/web\/wp-json\/wp\/v2\/posts\/26449\/revisions\/26451"}],"wp:featuredmedia":[{"embeddable":true,"href":"https:\/\/bisbalpenedes.com\/web\/wp-json\/wp\/v2\/media\/26450"}],"wp:attachment":[{"href":"https:\/\/bisbalpenedes.com\/web\/wp-json\/wp\/v2\/media?parent=26449"}],"wp:term":[{"taxonomy":"category","embeddable":true,"href":"https:\/\/bisbalpenedes.com\/web\/wp-json\/wp\/v2\/categories?post=26449"},{"taxonomy":"post_tag","embeddable":true,"href":"https:\/\/bisbalpenedes.com\/web\/wp-json\/wp\/v2\/tags?post=26449"}],"curies":[{"name":"wp","href":"https:\/\/api.w.org\/{rel}","templated":true}]}}