{"id":26444,"date":"2023-07-12T10:49:10","date_gmt":"2023-07-12T08:49:10","guid":{"rendered":"https:\/\/bisbalpenedes.com\/web\/?p=26444"},"modified":"2023-07-12T10:49:10","modified_gmt":"2023-07-12T08:49:10","slug":"avis-per-calor-per-a-la-nit-del-dimecres-12-al-dijous-13-de-juliol","status":"publish","type":"post","link":"https:\/\/bisbalpenedes.com\/web\/2023\/07\/12\/avis-per-calor-per-a-la-nit-del-dimecres-12-al-dijous-13-de-juliol\/","title":{"rendered":"Av\u00eds per calor per a la nit del dimecres 12 al dijous 13 de juliol"},"content":{"rendered":"\n<p>Continuem amb molta calor.<br>El Servei Meteorol\u00f2gic de Catalunya ha em\u00e8s un av\u00eds per calor per a la propera nit.<br>En dies de molta calor, seguiu les recomanacions del Departament de Salut de la Generalitat de Catalunya.<\/p>\n\n\n\n<hr class=\"wp-block-separator has-alpha-channel-opacity\"\/>\n\n\n\n<p>Continuamos con mucho calor.<br>El Servicio Meteorol\u00f3gico de Catalu\u00f1a ha emitido un aviso por calor para la pr\u00f3xima noche.<br>En los d\u00edas de mucho calor, seguid las recomendaciones del Departamento de Salud de la Generalitat de Catalu\u00f1a.<\/p>\n\n\n\n<figure class=\"wp-block-image size-large\"><img loading=\"lazy\" width=\"1024\" height=\"1024\" src=\"https:\/\/bisbalpenedes.com\/web\/wp-content\/uploads\/2023\/07\/CALOR-NOCTURN-DIMECRES-A-DIJOUS-NIT-1024x1024.png\" alt=\"\" class=\"wp-image-26445\" srcset=\"https:\/\/bisbalpenedes.com\/web\/wp-content\/uploads\/2023\/07\/CALOR-NOCTURN-DIMECRES-A-DIJOUS-NIT-1024x1024.png 1024w, https:\/\/bisbalpenedes.com\/web\/wp-content\/uploads\/2023\/07\/CALOR-NOCTURN-DIMECRES-A-DIJOUS-NIT-300x300.png 300w, https:\/\/bisbalpenedes.com\/web\/wp-content\/uploads\/2023\/07\/CALOR-NOCTURN-DIMECRES-A-DIJOUS-NIT-150x150.png 150w, https:\/\/bisbalpenedes.com\/web\/wp-content\/uploads\/2023\/07\/CALOR-NOCTURN-DIMECRES-A-DIJOUS-NIT-768x768.png 768w, https:\/\/bisbalpenedes.com\/web\/wp-content\/uploads\/2023\/07\/CALOR-NOCTURN-DIMECRES-A-DIJOUS-NIT-600x600.png 600w, https:\/\/bisbalpenedes.com\/web\/wp-content\/uploads\/2023\/07\/CALOR-NOCTURN-DIMECRES-A-DIJOUS-NIT-100x100.png 100w, https:\/\/bisbalpenedes.com\/web\/wp-content\/uploads\/2023\/07\/CALOR-NOCTURN-DIMECRES-A-DIJOUS-NIT.png 1080w\" sizes=\"(max-width: 1024px) 100vw, 1024px\" \/><\/figure>\n\n\n\n<figure class=\"wp-block-image size-large\"><img loading=\"lazy\" width=\"1024\" height=\"1024\" src=\"https:\/\/bisbalpenedes.com\/web\/wp-content\/uploads\/2023\/07\/QUAN-FA-MOLTA-CALOR-1-1024x1024.jpeg\" alt=\"\" class=\"wp-image-26396\" srcset=\"https:\/\/bisbalpenedes.com\/web\/wp-content\/uploads\/2023\/07\/QUAN-FA-MOLTA-CALOR-1-1024x1024.jpeg 1024w, https:\/\/bisbalpenedes.com\/web\/wp-content\/uploads\/2023\/07\/QUAN-FA-MOLTA-CALOR-1-300x300.jpeg 300w, https:\/\/bisbalpenedes.com\/web\/wp-content\/uploads\/2023\/07\/QUAN-FA-MOLTA-CALOR-1-150x150.jpeg 150w, https:\/\/bisbalpenedes.com\/web\/wp-content\/uploads\/2023\/07\/QUAN-FA-MOLTA-CALOR-1-768x768.jpeg 768w, https:\/\/bisbalpenedes.com\/web\/wp-content\/uploads\/2023\/07\/QUAN-FA-MOLTA-CALOR-1-600x600.jpeg 600w, https:\/\/bisbalpenedes.com\/web\/wp-content\/uploads\/2023\/07\/QUAN-FA-MOLTA-CALOR-1-100x100.jpeg 100w, https:\/\/bisbalpenedes.com\/web\/wp-content\/uploads\/2023\/07\/QUAN-FA-MOLTA-CALOR-1.jpeg 1080w\" sizes=\"(max-width: 1024px) 100vw, 1024px\" \/><\/figure>\n\n\n\n<p><\/p>\n\n\n\n<figure class=\"wp-block-image size-large\"><img loading=\"lazy\" width=\"1024\" height=\"1024\" src=\"https:\/\/bisbalpenedes.com\/web\/wp-content\/uploads\/2023\/06\/3-1024x1024.png\" alt=\"\" class=\"wp-image-26051\" srcset=\"https:\/\/bisbalpenedes.com\/web\/wp-content\/uploads\/2023\/06\/3-1024x1024.png 1024w, https:\/\/bisbalpenedes.com\/web\/wp-content\/uploads\/2023\/06\/3-300x300.png 300w, https:\/\/bisbalpenedes.com\/web\/wp-content\/uploads\/2023\/06\/3-150x150.png 150w, https:\/\/bisbalpenedes.com\/web\/wp-content\/uploads\/2023\/06\/3-768x768.png 768w, https:\/\/bisbalpenedes.com\/web\/wp-content\/uploads\/2023\/06\/3-600x600.png 600w, https:\/\/bisbalpenedes.com\/web\/wp-content\/uploads\/2023\/06\/3-100x100.png 100w, https:\/\/bisbalpenedes.com\/web\/wp-content\/uploads\/2023\/06\/3.png 1080w\" sizes=\"(max-width: 1024px) 100vw, 1024px\" \/><\/figure>\n","protected":false},"excerpt":{"rendered":"<p>Continuem amb molta calor.El Servei Meteorol\u00f2gic de Catalunya ha em\u00e8s un av\u00eds per calor per a la propera nit.En dies de molta calor, seguiu les recomanacions del Departament de Salut &hellip; <a href=\"https:\/\/bisbalpenedes.com\/web\/2023\/07\/12\/avis-per-calor-per-a-la-nit-del-dimecres-12-al-dijous-13-de-juliol\/\" class=\"more-link\">Read More<\/a><\/p>\n","protected":false},"author":4,"featured_media":26060,"comment_status":"closed","ping_status":"closed","sticky":false,"template":"","format":"standard","meta":[],"categories":[1628,2543,8],"tags":[459,393,6096],"_links":{"self":[{"href":"https:\/\/bisbalpenedes.com\/web\/wp-json\/wp\/v2\/posts\/26444"}],"collection":[{"href":"https:\/\/bisbalpenedes.com\/web\/wp-json\/wp\/v2\/posts"}],"about":[{"href":"https:\/\/bisbalpenedes.com\/web\/wp-json\/wp\/v2\/types\/post"}],"author":[{"embeddable":true,"href":"https:\/\/bisbalpenedes.com\/web\/wp-json\/wp\/v2\/users\/4"}],"replies":[{"embeddable":true,"href":"https:\/\/bisbalpenedes.com\/web\/wp-json\/wp\/v2\/comments?post=26444"}],"version-history":[{"count":1,"href":"https:\/\/bisbalpenedes.com\/web\/wp-json\/wp\/v2\/posts\/26444\/revisions"}],"predecessor-version":[{"id":26446,"href":"https:\/\/bisbalpenedes.com\/web\/wp-json\/wp\/v2\/posts\/26444\/revisions\/26446"}],"wp:featuredmedia":[{"embeddable":true,"href":"https:\/\/bisbalpenedes.com\/web\/wp-json\/wp\/v2\/media\/26060"}],"wp:attachment":[{"href":"https:\/\/bisbalpenedes.com\/web\/wp-json\/wp\/v2\/media?parent=26444"}],"wp:term":[{"taxonomy":"category","embeddable":true,"href":"https:\/\/bisbalpenedes.com\/web\/wp-json\/wp\/v2\/categories?post=26444"},{"taxonomy":"post_tag","embeddable":true,"href":"https:\/\/bisbalpenedes.com\/web\/wp-json\/wp\/v2\/tags?post=26444"}],"curies":[{"name":"wp","href":"https:\/\/api.w.org\/{rel}","templated":true}]}}