{"id":26427,"date":"2023-07-11T10:13:50","date_gmt":"2023-07-11T08:13:50","guid":{"rendered":"https:\/\/bisbalpenedes.com\/web\/?p=26427"},"modified":"2023-07-11T10:13:50","modified_gmt":"2023-07-11T08:13:50","slug":"el-dijous-6-de-juliol-es-va-celebrar-un-ple-extraordinari-a-lajuntament-de-la-bisbal-del-penedes","status":"publish","type":"post","link":"https:\/\/bisbalpenedes.com\/web\/2023\/07\/11\/el-dijous-6-de-juliol-es-va-celebrar-un-ple-extraordinari-a-lajuntament-de-la-bisbal-del-penedes\/","title":{"rendered":"El dijous 6 de juliol es va celebrar un Ple extraordinari a l\u2019Ajuntament de la Bisbal del Pened\u00e8s"},"content":{"rendered":"\n<figure class=\"wp-block-embed is-type-video is-provider-youtube wp-block-embed-youtube wp-embed-aspect-16-9 wp-has-aspect-ratio\"><div class=\"wp-block-embed__wrapper\">\n<iframe loading=\"lazy\" title=\"Ajuntament de la Bisbal del Pened\u00e8s. Ple extraordinari de 6 de juliol de 2023\" width=\"1170\" height=\"658\" src=\"https:\/\/www.youtube.com\/embed\/bq5CxRqOuH8?feature=oembed\" frameborder=\"0\" allow=\"accelerometer; autoplay; clipboard-write; encrypted-media; gyroscope; picture-in-picture; web-share\" allowfullscreen><\/iframe>\n<\/div><\/figure>\n\n\n\n<p>El dijous 6 de juliol, a les 9h, es va celebrar un Ple extraordinari a l\u2019Ajuntament de la Bisbal del Pened\u00e8s.<\/p>\n\n\n\n<p>Es va excusar l\u2019assist\u00e8ncia del regidor Jaime Valls (La Bisbal decideix).<\/p>\n\n\n\n<p>S\u2019hi van tractar els punts seg\u00fcents:<\/p>\n\n\n\n<p><strong>1.-Creaci\u00f3 i composici\u00f3 de la Comissi\u00f3 Especial de Comptes.<\/strong><\/p>\n\n\n\n<p><span style=\"text-decoration: underline;\">Es va aprovar per unanimitat <\/span>dels assistents.<\/p>\n\n\n\n<p>La Comissi\u00f3 Especial de Comptes \u00e9s un \u00f2rgan col\u00b7legiat de car\u00e0cter especial que t\u00e9 per objectiu examinar i informar del Compte General de la Corporaci\u00f3. A la Bisbal del Pened\u00e8s aquest \u00f2rgan estar\u00e0 format per:<\/p>\n\n\n\n<p>Presidenta: l\u2019alcaldessa<\/p>\n\n\n\n<p>Vocals: un\/a representant de cada grup pol\u00edtic municipal que actua amb vot ponderat<\/p>\n\n\n\n<ul><li>Per part de Comprom\u00eds amb la Bisbal: Feliu Gil com a titular i Judith Vidal com a suplent. Amb vot ponderat, per tant, el seu vot val per 5.<\/li><li>La Bisbal decideix: Mart\u00edn Deluca com a titular i Jaime Valls com a suplent. Amb vot ponderat, per tant, el seu vot val per 2.<\/li><li>Tots som la Bisbal: Maguy Antol\u00edn com a titular i Ra\u00fal Cort\u00e9s com a suplent. Amb vot ponderat, per tant, el seu vot val per 2.<\/li><li>PSC: Dani Caballero com a titular. El seu vot ponderat val per 1.<\/li><li>ERC: S\u00edlvia Monfort com a titular. El seu vol ponderat val per 1.<\/li><\/ul>\n\n\n\n<p><strong>2.-Delegaci\u00f3 de compet\u00e8ncies del Ple a la Junta de Govern Local.<\/strong><\/p>\n\n\n\n<p><span style=\"text-decoration: underline;\">Es va aprovar <\/span>amb els vots a favor de Comprom\u00eds amb la Bisbal (5), PSC (1) i ERC-AM (1) i els vots en contra de La Bisbal decideix (1) i Tots som la Bisbal (2).<\/p>\n\n\n\n<p>Es va aprovar delegar del Ple a la Junta de Govern les compet\u00e8ncies que permet la llei. Aix\u00ed, com en el mandat 2019-2023, quan la Junta de Govern contingui alguna proposta amb compet\u00e8ncia del Ple delegada, l\u2019alcaldessa far\u00e0 arribar un correu electr\u00f2nic als regidors i regidores adjuntat la proposta i, com estableix la llei, es far\u00e0 publicitat a les xarxes municipals, la proposta es tractar\u00e0 a porta oberta i es gravar\u00e0 en v\u00eddeo per publicar-la posteriorment.<\/p>\n\n\n\n<p><strong>3.-S\u2019aprova el nomenament dels representants de la Corporaci\u00f3 a \u00f2rgans col\u00b7legiats i altres organismes dels quals forma part l\u2019Ajuntament.<\/strong><\/p>\n\n\n\n<p><span style=\"text-decoration: underline;\">Es va aprovar<\/span> amb els vots a favor de Comprom\u00eds amb la Bisbal (5), PSC (1) i ERC-AM (1), el vot en contra de La Bisbal decideix (1) i l\u2019abstenci\u00f3 de Tots som la Bisbal (2).<\/p>\n\n\n\n<p>Es va aprovar la seg\u00fcent proposta de nomenaments:<\/p>\n\n\n\n<ul><li>Consell Escolar de l\u2019escola Ull de Vent: el regidor d\u2019ensenyament Dani Caballero<\/li><li>Consell Escolar de l\u2019institut Coster de la Torre: el regidor d\u2019ensenyament Dani Caballero<\/li><li>Consell escolar de la llar d\u2019infants municipal l\u2019Oreneta: el regidor d\u2019ensenyament Dani Caballero<\/li><li>Mancomunitat de l\u2019Albornar: l\u2019alcaldessa i els regidors Paqui Cepas i Dani Caballero<\/li><li>Consorci de Promoci\u00f3 Tur\u00edstica del Pened\u00e8s: la regidora de Turisme, Judith Vidal<\/li><li>Mancomunitat Pened\u00e8s-Garraf: l\u2019alcaldessa Agn\u00e8s Ferr\u00e9 i, de suplent, el regidor de Benestar Animal, Dani Caballero.<\/li><li>AMTU (Associaci\u00f3 de Municipis per la mobilitat i el transport urb\u00e0): l\u2019alcaldessa Agn\u00e8s Ferr\u00e9 i de suplent la regidora de Mobilitat, S\u00edlvia Monfort.<\/li><li>ACM (Associaci\u00f3 Catalana de Municipis): l\u2019alcaldessa Agn\u00e8s Ferr\u00e9 i, de suplent, la primera tinenta d\u2019alcaldessa, Judith Vidal.<\/li><li>Associaci\u00f3 de Municipis Catalans per la recollida porta a porta: el regidor de Gesti\u00f3 de residus, Dani Caballero.<\/li><li>Consell Esportiu del Baix Pened\u00e8s: el regidor d\u2019Esports, Joan Gimeno.<\/li><\/ul>\n\n\n\n<p><strong>4.-R\u00e8gim de dedicacions, retribucions i indemnitzacions dels c\u00e0rrecs p\u00fablics.<\/strong><\/p>\n\n\n\n<p><span style=\"text-decoration: underline;\">Es va aprovar<\/span> amb els vots a favor de Comprom\u00eds amb la Bisbal (5), PSC (1) i ERC-AM (1) i els vots en contra de La Bisbal decideix (1) i Tots som la Bisbal (2).<\/p>\n\n\n\n<p>La disposici\u00f3 addicional vint-i-setena de la Llei 31\/2022, del 23 de desembre, de pressupostos generals de l\u2019Estat estableix que el sou m\u00e0xim que pot cobrar un alcalde o regidor d\u2019un municipi d\u2019entre 1.000 i 5.000 habitants sigui de 46.464,02 euros. La proposta de r\u00e8gim de dedicaci\u00f3 i retribucions per als regidors i regidores de l\u2019Ajuntament aprovada suposa que l\u2019alcaldessa cobri un 56% d\u2019aquest import m\u00e0xim i que cinc regidors cobrin menys de la meitat d\u2019aquest m\u00e0xim. Les dedicacions i sous aprovats s\u00f3n els seg\u00fcents:<\/p>\n\n\n\n<ul><li>Agn\u00e8s Ferr\u00e9, dedicaci\u00f3 exclusiva: 26.000\u20ac bruts anuals (el mateix que en els dos mandats anteriors).<\/li><li>Judith Vidal, dedicaci\u00f3 parcial del 75%: 22.000\u20ac bruts anuals.<\/li><li>Paqui Cepas, dedicaci\u00f3 parcial del 75%: 22.000\u20ac bruts anuals.<\/li><li>Feliu Gil, dedicaci\u00f3 parcial del 75%: 22.000 bruts anuals<\/li><li>Dani Caballero: dedicaci\u00f3 parcial del 75%: 22.000 bruts anuals<\/li><\/ul>\n\n\n\n<p>R\u00e8gim d\u2019indemnitzacions per assist\u00e8ncia als \u00f2rgans col\u00b7legiats per als c\u00e0rrecs electes que no tinguin dedicaci\u00f3 exclusiva ni parcial (com \u00e9s el cas de la regidora del govern Silvia Monfort i dels quatre regidors de l\u2019oposici\u00f3: Mart\u00edn Deluca, Jaime Valls, Maguy Antol\u00edn y Ra\u00fal Cort\u00e9s):<\/p>\n\n\n\n<ul><li>Ple: 200\u20ac per sessi\u00f3<\/li><li>Junta de Govern Local: 400\u20ac per sessi\u00f3<\/li><li>Comissi\u00f3 Especial de Comptes: 200\u20ac per sessi\u00f3<\/li><\/ul>\n\n\n\n<p>Durant l\u2019aprovaci\u00f3 de les retribucions, l\u2019alcaldessa de la Bisbal del Pened\u00e8s, Agn\u00e8s Ferr\u00e9, va voler explicar que <em>\u201cDes del 2015, que vam entrar a govern, que els membres de l\u2019equip de govern cobrem sou o assist\u00e8ncies i no cobrem ni dietes ni quilometratges.<\/em><\/p>\n\n\n\n<p><em>Quan vam entrar a govern el 2015, ens vam trobar un Ajuntament endeutat molt per sobre del m\u00e0xim legal, amb moltes factures per pagar, on l\u2019equip de govern cobrava un total de 144.000 euros bruts anuals i l\u2019alcalde un sou de 44.000 euros bruts. Vam rebaixar sous i, vuit anys despr\u00e9s, tenim un Ajuntament sanejat, cap factura pendent, no hem apujat impostos i, aix\u00ed i tot, el total de sous \u00e9s m\u00e9s baix\u201d.<\/em><\/p>\n\n\n\n<p><strong>5.-Festes locals 2024<\/strong><\/p>\n\n\n\n<p><span style=\"text-decoration: underline;\">Es va aprovar per unanimitat<\/span> dels assistents.<\/p>\n\n\n\n<p>El passat 13 de juny de 2023 el Diari Oficial de la Generalitat de Catalunya va publicar el calendari oficial de festes laborals per a l\u2019any 2024. En la mateixa publicaci\u00f3 es recordava que els ajuntaments havien de fixar dues festes locals, retribu\u00efdes i no recuperables. Els dos dies que s\u2019han aprovat com a festius locals s\u00f3n:<\/p>\n\n\n\n<ul><li>El dimarts 23 d\u2019abril, Diada de Sant Jordi.<\/li><li>El divendres 16 d\u2019agost, Festa Major.<\/li><\/ul>\n\n\n\n<p><strong>6.-Es dona compte al ple del nomenament dels membres de la Junta de Govern Local<\/strong><\/p>\n\n\n\n<p>El passat 28 de juny es va aprovar la creaci\u00f3 de la Junta de Govern Local. Es dona compte al Ple del Decret d\u2019alcaldia en el qual es van designar els membres de la Junta de Govern Local: Judith Vidal, Dani Caballero i Silvia Monfort. En el mateix decret tamb\u00e9 es va aprovar la periodicitat de les Juntes ordin\u00e0ries. Tamb\u00e9 es va donar compte que la periodicitat de les Juntes de Govern ser\u00e0 quinzenal, els dilluns a les 10h, comen\u00e7ant pel proper dilluns 10 de juliol.<\/p>\n\n\n\n<p><strong>7.-Es dona compte de la delegaci\u00f3 de compet\u00e8ncies d\u2019alcaldia a la Junta de Govern.<\/strong><\/p>\n\n\n\n<p>Es va donar compte al Ple del Decret d\u2019alcaldia de 30 de juny, mitjan\u00e7ant el qual es van delegar a la Junta de Govern Local les atribucions que la normativa permet que passin de l\u2019alcaldia a la Junta de Govern Local.<\/p>\n\n\n\n<hr class=\"wp-block-separator has-alpha-channel-opacity\"\/>\n\n\n\n<p><strong>CASTELLANO |<\/strong>&nbsp;El jueves 6 de julio, a las 9h, se celebr\u00f3 un Pleno extraordinario en el Ayuntamiento de la Bisbal del Pened\u00e8s.<\/p>\n\n\n\n<p>Se excus\u00f3 la asistencia del concejal Jaime Valls (La Bisbal decideix).<\/p>\n\n\n\n<p>Se trataron los puntos siguientes:<\/p>\n\n\n\n<p><strong>1.-Creaci\u00f3n y composici\u00f3n de la Comisi\u00f3n Especial de Cuentas.<\/strong><\/p>\n\n\n\n<p><span style=\"text-decoration: underline;\">Se aprob\u00f3 por unanimidad<\/span> de los asistentes.<\/p>\n\n\n\n<p>La Comisi\u00f3n Especial de Cuentas es un \u00f3rgano colegiado de car\u00e1cter especial que tiene como objetivo examinar e informar de la Cuenta General de la Corporaci\u00f3n. En la Bisbal del Pened\u00e8s este \u00f3rgano estar\u00e1 formado por:<\/p>\n\n\n\n<p>Presidenta: la alcaldesa<\/p>\n\n\n\n<p>Vocales: un\/a representante de cada grupo pol\u00edtico municipal que act\u00faa con voto ponderado<\/p>\n\n\n\n<ul><li>Por parte de Comprom\u00eds amb la Bisbal: Feliu Gil como titular y Judith Vidal como suplente. Con voto ponderado, porp tanto, su voto vale por 5.<\/li><li>La Bisbal decideix: Mart\u00edn Deluca como titular y Jaime Valls como suplente. Con voto ponderado, por tanto, su voto vale por 2.<\/li><li>Tots som la Bisbal: Maguy Antol\u00edn como titular y Ra\u00fal Cort\u00e9s como suplente. Con voto ponderado, por tanto, su voto vale por 2.<\/li><li>PSC: Dani Caballero como titular. Su voto ponderado vale por 1.<\/li><li>ERC: S\u00edlvia Monfort como titular. Su voto ponderado vale por 1.<\/li><\/ul>\n\n\n\n<p><strong>2.-Delegaci\u00f3n de competencias del Pleno a la Junta de Gobierno Local.<\/strong><\/p>\n\n\n\n<p><span style=\"text-decoration: underline;\">Se aprob\u00f3<\/span> con los votos a favor de Comprom\u00eds amb la Bisbal (5), PSC (1) y ERC-AM (1) y los votos en contra de La Bisbal decideix (1) y Tots som la Bisbal (2).<\/p>\n\n\n\n<p>Se aprob\u00f3 delegar del Pleno a la Junta de Gobierno las competencias que permite la ley. As\u00ed, como en el mandato 2019-2023, cuando la Junta de Gobierno tenga alguna propuesta con competencia del Pleno delegada, la alcaldesa har\u00e1 llegar un correo electr\u00f3nico a los concejales y concejalas adjuntando la propuesta y, como establece la ley, se har\u00e1 publicidad en las redes sociales municipales, la propuesta se tratar\u00e1 a puerta abierta y se grabar\u00e1 en v\u00eddeo para publicarla posteriormente.<\/p>\n\n\n\n<p><strong>3.-Se aprueba el nombramiento de los representantes de la Corporaci\u00f3n a \u00f3rganos colegiados y otros organismos de los que forma parte el Ayuntamiento.<\/strong><\/p>\n\n\n\n<p>Se aprob\u00f3 con los votos a favor de Comprom\u00eds amb la Bisbal (5), PSC (1) y ERC-AM (1), el voto en contra de La Bisbal Decideix (1) y la abstenci\u00f3n de Tots som la Bisbal (2).<\/p>\n\n\n\n<p>Se aprob\u00f3 la siguiente propuesta de nombramientos:<\/p>\n\n\n\n<ul><li>Consell Escolar de l\u2019escola Ull de Vent: el concejal de Educaci\u00f3n Dani Caballero.<\/li><li>Consell Escolar de l\u2019institut Coster de la Torre: el concejal de Educaci\u00f3n Dani Caballero<\/li><li>Consell escolar de la llar d\u2019infants municipal l\u2019Oreneta: el concejal de Educaci\u00f3n Dani Caballero<\/li><li>Mancomunitat de l\u2019Albornar: la alcaldesa y los concejales Paqui Cepas y Dani Caballero<\/li><li>Consorci de Promoci\u00f3 Tur\u00edstica del Pened\u00e8s: la concejala de Turismo, Judith Vidal<\/li><li>Mancomunitat Pened\u00e8s-Garraf: la alcaldesa Agn\u00e8s Ferr\u00e9 y, de suplente, el Concejal de Bienestar Animal, Dani Caballero.<\/li><li>AMTU (Associaci\u00f3 de Municipis per la mobilitat i el transport urb\u00e0): la alcaldesa Agn\u00e8s Ferr\u00e9 y de suplente la Concejala de Movilidad, S\u00edlvia Monfort.<\/li><li>ACM (Associaci\u00f3 Catalana de Municipis): la alcaldesa Agn\u00e8s Ferr\u00e9 y, de suplente, la primera teniente de alcaldesa, Judith Vidal.<\/li><li>Associaci\u00f3 de Municipis Catalans per la recollida porta a porta: el Concejal de Gesti\u00f3n de Residuos, Dani Caballero.<\/li><li>Consell Esportiu del Baix Pened\u00e8s: el concejal de Deportes, Joan Gimeno.<\/li><\/ul>\n\n\n\n<p><strong>4.-R\u00e9gimen de dedicaciones, retribuciones e indemnizaciones de los cargos p\u00fablicos.<\/strong><\/p>\n\n\n\n<p><span style=\"text-decoration: underline;\">Se aprob\u00f3<\/span> con los votos a favor de Comprom\u00eds amb la Bisbal (5), PSC (1) y ERC-AMB (1) y los votos en contra de La Bisbal decideix (1) y Tots som la Bisbal (2).<\/p>\n\n\n\n<p>La disposici\u00f3n adicional vigesimos\u00e9ptima de la Ley 31\/2022, del 23 de diciembre, de presupuestos generales del Estado establece que el sueldo m\u00e1ximo que puede cobrar un alcalde o un concejal de un municipio de entre 1.000 y 5.000 habitantes sea de 46.464,02 euros. La propuesta de r\u00e9gimen de dedicaci\u00f3n y retribuciones para los concejales y concejalas del Ayuntamiento aprobada supone que la alcaldesa cobre un 56% de este importe m\u00e1ximo y que cinco concejales cobren menos de la mitad de este m\u00e1ximo. Las dedicaciones y sueldos aprobados son los siguientes:<\/p>\n\n\n\n<ul><li>Agn\u00e8s Ferr\u00e9, dedicaci\u00f3n exclusiva: 26.000\u20ac brutos anuales (lo mismo que en los dos mandatos anteriores).<\/li><li>Judith Vidal, dedicaci\u00f3n parcial del 75%: 22.000\u20ac brutos anuales.<\/li><li>Paqui Cepas, dedicaci\u00f3n parcial del 75%: 22.000\u20ac brutos anuales.<\/li><li>Feliu Gil, dedicaci\u00f3n parcial del 75%: 22.000\u20ac brutos anuales.<\/li><li>Dani Caballero, dedicaci\u00f3n parcial del 75%: 22.000\u20ac brutos anuales.<\/li><\/ul>\n\n\n\n<p>R\u00e9gimen de indemnizaciones por asistencia a los \u00f3rganos colegiados para los cargos electos que no tengan dedicaci\u00f3n exclusiva ni parcial (como es el caso de la concejala del gobierno S\u00edlvia Monfort y los cuatro concejales de la oposici\u00f3n: Mart\u00edn Deluca, Jaime Valls, Maguy Antol\u00edn y Ra\u00fal Cort\u00e9s):<\/p>\n\n\n\n<ul><li>Pleno: 200\u20ac por sesi\u00f3n<\/li><li>Junta de Gobierno Local: 400\u20ac por sesi\u00f3n<\/li><li>Comisi\u00f3n Especial de Cuentas: 200\u20ac por sesi\u00f3n<\/li><\/ul>\n\n\n\n<p>Durante la aprobaci\u00f3n de las retribuciones, la alcaldesa de la Bisbal del Pened\u00e8s, Agn\u00e8s Ferr\u00e9, quiso explicar que <em>\u201cDesde el 2015, que entramos al gobierno, que los miembros del equipo de gobierno cobramos sueldo o asistencias y no cobramos dietas ni kilometrajes. Cuando entramos en el gobierno en el 2015, nos encontramos un Ayuntamiento endeudado muy por encima del m\u00e1ximo legal, con muchas facturas para pagar, donde el equipo de gobierno cobraba un total de 144.000 euros brutos anuales y el alcalde un sueldo de 44.000 euros brutos. Rebajamos sueldos y, ocho a\u00f1os m\u00e1s tarde, tenemos un Ayuntamiento saneado, ninguna factura pendiente, no hemos subido impuestos y, aun as\u00ed, el total de sueldos es m\u00e1s bajo\u201d.<\/em><\/p>\n\n\n\n<p><strong>5.-Fiestas locales 2024<\/strong><\/p>\n\n\n\n<p><span style=\"text-decoration: underline;\">Se aprob\u00f3 por unanimidad<\/span> de los asistentes.<\/p>\n\n\n\n<p>El pasado 13 de junio de 2023 el Diario Oficial de la Generalitat de Catalu\u00f1a public\u00f3 el calendario oficial de fiestas laborables para el a\u00f1o 2024. En la misma publicaci\u00f3n se recordaba que los ayuntamientos ten\u00edan que fijar dos fiestas locales, retribuidas y no recuperables. Los dos d\u00edas que se aprobaron como festivos locales son:<\/p>\n\n\n\n<ul><li>El martes 23 de abril, Diada de Sant Jordi.<\/li><li>El viernes 16 de agosto, Fiesta Mayor.<\/li><\/ul>\n\n\n\n<p><strong>6.Se le da cuenta al pleno del nombramiento de los miembros de la Junta de Gobierno Local.<\/strong><\/p>\n\n\n\n<p>El pasado 28 de junio se aprob\u00f3 la creaci\u00f3n de la Junta de Gobierno Local. SE dio cuenta al Pleno del Decreto de alcald\u00eda en el que se designaron los miembros de la Junta de Gobierno Local: Judith Vidal, Dani Caballero y Silvia Monfort. En el mismo decreto tambi\u00e9n se aprob\u00f3 la periodicidad de las Juntas ordinarias. Tambi\u00e9n se dio cuenta de que la periodicidad de las Juntas de Gobierno ser\u00e1 quincenal, los lunes a las 10h, empezando por el pr\u00f3ximo lunes 10 de julio.<\/p>\n\n\n\n<p><strong>7.-Se da cuenta de la delegaci\u00f3n de competencias de alcald\u00eda a la Junta de Gobierno.<\/strong><\/p>\n\n\n\n<p>Se dio cuenta al Pleno del Decreto de alcald\u00eda del 30 de junio, mediante el cual se delegaron a la Junta de Gobierno Local las atribuciones que la normativa permite que pasen de la alcald\u00eda a la Junta de Gobierno Local.<\/p>\n\n\n\n<p><\/p>\n","protected":false},"excerpt":{"rendered":"<p>El dijous 6 de juliol, a les 9h, es va celebrar un Ple extraordinari a l\u2019Ajuntament de la Bisbal del Pened\u00e8s. Es va excusar l\u2019assist\u00e8ncia del regidor Jaime Valls (La &hellip; <a href=\"https:\/\/bisbalpenedes.com\/web\/2023\/07\/11\/el-dijous-6-de-juliol-es-va-celebrar-un-ple-extraordinari-a-lajuntament-de-la-bisbal-del-penedes\/\" class=\"more-link\">Read More<\/a><\/p>\n","protected":false},"author":4,"featured_media":26428,"comment_status":"closed","ping_status":"closed","sticky":false,"template":"","format":"standard","meta":[],"categories":[8,2250],"tags":[2077,6084,393,1374,139,423],"_links":{"self":[{"href":"https:\/\/bisbalpenedes.com\/web\/wp-json\/wp\/v2\/posts\/26427"}],"collection":[{"href":"https:\/\/bisbalpenedes.com\/web\/wp-json\/wp\/v2\/posts"}],"about":[{"href":"https:\/\/bisbalpenedes.com\/web\/wp-json\/wp\/v2\/types\/post"}],"author":[{"embeddable":true,"href":"https:\/\/bisbalpenedes.com\/web\/wp-json\/wp\/v2\/users\/4"}],"replies":[{"embeddable":true,"href":"https:\/\/bisbalpenedes.com\/web\/wp-json\/wp\/v2\/comments?post=26427"}],"version-history":[{"count":1,"href":"https:\/\/bisbalpenedes.com\/web\/wp-json\/wp\/v2\/posts\/26427\/revisions"}],"predecessor-version":[{"id":26429,"href":"https:\/\/bisbalpenedes.com\/web\/wp-json\/wp\/v2\/posts\/26427\/revisions\/26429"}],"wp:featuredmedia":[{"embeddable":true,"href":"https:\/\/bisbalpenedes.com\/web\/wp-json\/wp\/v2\/media\/26428"}],"wp:attachment":[{"href":"https:\/\/bisbalpenedes.com\/web\/wp-json\/wp\/v2\/media?parent=26427"}],"wp:term":[{"taxonomy":"category","embeddable":true,"href":"https:\/\/bisbalpenedes.com\/web\/wp-json\/wp\/v2\/categories?post=26427"},{"taxonomy":"post_tag","embeddable":true,"href":"https:\/\/bisbalpenedes.com\/web\/wp-json\/wp\/v2\/tags?post=26427"}],"curies":[{"name":"wp","href":"https:\/\/api.w.org\/{rel}","templated":true}]}}