{"id":26420,"date":"2023-07-11T09:02:16","date_gmt":"2023-07-11T07:02:16","guid":{"rendered":"https:\/\/bisbalpenedes.com\/web\/?p=26420"},"modified":"2023-07-11T09:02:16","modified_gmt":"2023-07-11T07:02:16","slug":"alerta-de-la-generalitat-sobre-un-producte-de-cura-personal","status":"publish","type":"post","link":"https:\/\/bisbalpenedes.com\/web\/2023\/07\/11\/alerta-de-la-generalitat-sobre-un-producte-de-cura-personal\/","title":{"rendered":"Alerta de la Generalitat sobre un producte de cura personal"},"content":{"rendered":"\n<p>La Generalitat de Catalunya, des del Departament de Salut, ens demana que fem difusi\u00f3 de l\u2019alerta sobre el producte Amalfi Jab\u00f3n en Crema Dermomousse.&nbsp;<\/p>\n\n\n\n<p>Segons ens han indicat, aquest producte cosm\u00e8tic cont\u00e9 butylphenyl methylpropional, una subst\u00e0ncia inclosa en la llista de subst\u00e0ncies prohibides en productes cosm\u00e8tics i, per tant, no compleix el reglament de la Comunitat Europea.<\/p>\n\n\n\n<p>Aix\u00ed, se us demana que no adquiriu cap unitat d\u2019aquest producte i, si ja la teniu, que la deixeu d\u2019utilitzar de manera immediata.<\/p>\n\n\n\n<p>Per a m\u00e9s informaci\u00f3 accediu a:\u00a0<a href=\"https:\/\/medicaments.gencat.cat\/ca\/ciutadania\/seguretat\/alertes-i-notes-informatives\/productes-cosmetics\/\">https:\/\/medicaments.gencat.cat\/ca\/ciutadania\/seguretat\/alertes-i-notes-informatives\/productes-cosmetics\/<\/a><\/p>\n\n\n\n<hr class=\"wp-block-separator has-alpha-channel-opacity\"\/>\n\n\n\n<p><strong>CASTELLANO | <\/strong>La Generalitat de Catalu\u00f1a, desde el Departamento de Salud, nos pide que hagamos difusi\u00f3n de la alerta sobre el producto Amalfi Jab\u00f3n en Crema Dermomousse.\u00a0<\/p>\n\n\n\n<p>Seg\u00fan nos han indicado, este producto cosm\u00e9tico contiene butylphenyl methylpropional, una substancia incluida en la lista de substancias prohibidas en productos cosm\u00e9ticos y, por tanto, no cumple el reglamento de la Comunidad Europea.<\/p>\n\n\n\n<p>As\u00ed, se os pide que no adquir\u00e1is ninguna unidad de este producto y, si ya la ten\u00e9is, que la dej\u00e9is de utilizar de forma inmediata.<\/p>\n\n\n\n<p>Para m\u00e1s informaci\u00f3n acceded a:&nbsp;<a href=\"https:\/\/medicaments.gencat.cat\/ca\/ciutadania\/seguretat\/alertes-i-notes-informatives\/productes-cosmetics\/\">https:\/\/medicaments.gencat.cat\/ca\/ciutadania\/seguretat\/alertes-i-notes-informatives\/productes-cosmetics\/<\/a><\/p>\n","protected":false},"excerpt":{"rendered":"<p>La Generalitat de Catalunya, des del Departament de Salut, ens demana que fem difusi\u00f3 de l\u2019alerta sobre el producte Amalfi Jab\u00f3n en Crema Dermomousse.&nbsp; Segons ens han indicat, aquest producte &hellip; <a href=\"https:\/\/bisbalpenedes.com\/web\/2023\/07\/11\/alerta-de-la-generalitat-sobre-un-producte-de-cura-personal\/\" class=\"more-link\">Read More<\/a><\/p>\n","protected":false},"author":4,"featured_media":26421,"comment_status":"closed","ping_status":"closed","sticky":false,"template":"","format":"standard","meta":[],"categories":[1628,8,14],"tags":[6094,6095,459,393,1374],"_links":{"self":[{"href":"https:\/\/bisbalpenedes.com\/web\/wp-json\/wp\/v2\/posts\/26420"}],"collection":[{"href":"https:\/\/bisbalpenedes.com\/web\/wp-json\/wp\/v2\/posts"}],"about":[{"href":"https:\/\/bisbalpenedes.com\/web\/wp-json\/wp\/v2\/types\/post"}],"author":[{"embeddable":true,"href":"https:\/\/bisbalpenedes.com\/web\/wp-json\/wp\/v2\/users\/4"}],"replies":[{"embeddable":true,"href":"https:\/\/bisbalpenedes.com\/web\/wp-json\/wp\/v2\/comments?post=26420"}],"version-history":[{"count":1,"href":"https:\/\/bisbalpenedes.com\/web\/wp-json\/wp\/v2\/posts\/26420\/revisions"}],"predecessor-version":[{"id":26422,"href":"https:\/\/bisbalpenedes.com\/web\/wp-json\/wp\/v2\/posts\/26420\/revisions\/26422"}],"wp:featuredmedia":[{"embeddable":true,"href":"https:\/\/bisbalpenedes.com\/web\/wp-json\/wp\/v2\/media\/26421"}],"wp:attachment":[{"href":"https:\/\/bisbalpenedes.com\/web\/wp-json\/wp\/v2\/media?parent=26420"}],"wp:term":[{"taxonomy":"category","embeddable":true,"href":"https:\/\/bisbalpenedes.com\/web\/wp-json\/wp\/v2\/categories?post=26420"},{"taxonomy":"post_tag","embeddable":true,"href":"https:\/\/bisbalpenedes.com\/web\/wp-json\/wp\/v2\/tags?post=26420"}],"curies":[{"name":"wp","href":"https:\/\/api.w.org\/{rel}","templated":true}]}}