{"id":26412,"date":"2023-07-11T08:07:08","date_gmt":"2023-07-11T06:07:08","guid":{"rendered":"https:\/\/bisbalpenedes.com\/web\/?p=26412"},"modified":"2023-07-11T08:07:08","modified_gmt":"2023-07-11T06:07:08","slug":"el-cost-de-lincivisme-el-paguem-entre-tots","status":"publish","type":"post","link":"https:\/\/bisbalpenedes.com\/web\/2023\/07\/11\/el-cost-de-lincivisme-el-paguem-entre-tots\/","title":{"rendered":"El cost de l&#8217;incivisme el paguem entre tots"},"content":{"rendered":"\n<p>Darrerament, diverses persones inc\u00edviques han fet pintades en diversos punts del municipi.<\/p>\n\n\n\n<p>Embrutar i fer malb\u00e9 el patrimoni t\u00e9 un cost que paguem entre tots. En aquest cas el cost ha estat de 3.880 euros + IVA.<\/p>\n\n\n\n<p>\u00c9s una ll\u00e0stima que, mentre des de l\u2019Ajuntament estem intentant dignificar els espais i \u2018posar maca\u2019 la Bisbal amb pintures murals, alguns es dediquin a fer tot el contrari.<\/p>\n\n\n\n<p>Si veieu alguna conducta inc\u00edvica, feu-nos-ho saber. Si voleu, podeu acompanyar la informaci\u00f3 de v\u00eddeos o fotografies (preservarem el vostre anonimat). Gr\u00e0cies per la vostra col\u00b7laboraci\u00f3.<\/p>\n\n\n\n<p>Aqu\u00ed teniu algunes imatges que mostren els treballs que s\u2019han fet, per\u00f2 s\u2019han retirat moltes m\u00e9s pintades de diversos punts del municipi.<\/p>\n\n\n\n<figure class=\"wp-block-image size-large\"><img loading=\"lazy\" width=\"1024\" height=\"1024\" src=\"https:\/\/bisbalpenedes.com\/web\/wp-content\/uploads\/2023\/07\/2-1024x1024.png\" alt=\"\" class=\"wp-image-26413\" srcset=\"https:\/\/bisbalpenedes.com\/web\/wp-content\/uploads\/2023\/07\/2-1024x1024.png 1024w, https:\/\/bisbalpenedes.com\/web\/wp-content\/uploads\/2023\/07\/2-300x300.png 300w, https:\/\/bisbalpenedes.com\/web\/wp-content\/uploads\/2023\/07\/2-150x150.png 150w, https:\/\/bisbalpenedes.com\/web\/wp-content\/uploads\/2023\/07\/2-768x768.png 768w, https:\/\/bisbalpenedes.com\/web\/wp-content\/uploads\/2023\/07\/2-600x600.png 600w, https:\/\/bisbalpenedes.com\/web\/wp-content\/uploads\/2023\/07\/2-100x100.png 100w, https:\/\/bisbalpenedes.com\/web\/wp-content\/uploads\/2023\/07\/2.png 1080w\" sizes=\"(max-width: 1024px) 100vw, 1024px\" \/><\/figure>\n\n\n\n<hr class=\"wp-block-separator has-alpha-channel-opacity\"\/>\n\n\n\n<p>\u00daltimamente, varias personas inc\u00edvicas han hecho pintadas en varios puntos del municipio. Ensuciar y estropear el patrimonio tiene un coste que pagamos entre todos. En este caso el coste ha sido de 3.880 euros + IVA.<\/p>\n\n\n\n<p>Es una pena que, mientras desde el Ayuntamiento estamos intentando dignificar los espacios y \u2018poner guapa\u2019 la Bisbal con pinturas murales, algunos se dediquen a hacer todo lo contrario.<\/p>\n\n\n\n<p>Si veis alguna conducta inc\u00edvica, nos lo pod\u00e9is hacer saber. Si quer\u00e9is, pod\u00e9is acompa\u00f1ar la informaci\u00f3n de v\u00eddeos o fotograf\u00edas (preservaremos vuestro anonimato). Gracias por vuestra colaboraci\u00f3n.<\/p>\n\n\n\n<p>Aqu\u00ed ten\u00e9is algunas im\u00e1genes que muestran los trabajos que se han realizado, pero se han retirado muchas m\u00e1s pintadas de varios puntos del municipio.<\/p>\n\n\n\n<p><\/p>\n","protected":false},"excerpt":{"rendered":"<p>Darrerament, diverses persones inc\u00edviques han fet pintades en diversos punts del municipi. Embrutar i fer malb\u00e9 el patrimoni t\u00e9 un cost que paguem entre tots. En aquest cas el cost &hellip; <a href=\"https:\/\/bisbalpenedes.com\/web\/2023\/07\/11\/el-cost-de-lincivisme-el-paguem-entre-tots\/\" class=\"more-link\">Read More<\/a><\/p>\n","protected":false},"author":4,"featured_media":26414,"comment_status":"closed","ping_status":"closed","sticky":false,"template":"","format":"standard","meta":[],"categories":[2402,8],"tags":[459,626,393,1374],"_links":{"self":[{"href":"https:\/\/bisbalpenedes.com\/web\/wp-json\/wp\/v2\/posts\/26412"}],"collection":[{"href":"https:\/\/bisbalpenedes.com\/web\/wp-json\/wp\/v2\/posts"}],"about":[{"href":"https:\/\/bisbalpenedes.com\/web\/wp-json\/wp\/v2\/types\/post"}],"author":[{"embeddable":true,"href":"https:\/\/bisbalpenedes.com\/web\/wp-json\/wp\/v2\/users\/4"}],"replies":[{"embeddable":true,"href":"https:\/\/bisbalpenedes.com\/web\/wp-json\/wp\/v2\/comments?post=26412"}],"version-history":[{"count":1,"href":"https:\/\/bisbalpenedes.com\/web\/wp-json\/wp\/v2\/posts\/26412\/revisions"}],"predecessor-version":[{"id":26415,"href":"https:\/\/bisbalpenedes.com\/web\/wp-json\/wp\/v2\/posts\/26412\/revisions\/26415"}],"wp:featuredmedia":[{"embeddable":true,"href":"https:\/\/bisbalpenedes.com\/web\/wp-json\/wp\/v2\/media\/26414"}],"wp:attachment":[{"href":"https:\/\/bisbalpenedes.com\/web\/wp-json\/wp\/v2\/media?parent=26412"}],"wp:term":[{"taxonomy":"category","embeddable":true,"href":"https:\/\/bisbalpenedes.com\/web\/wp-json\/wp\/v2\/categories?post=26412"},{"taxonomy":"post_tag","embeddable":true,"href":"https:\/\/bisbalpenedes.com\/web\/wp-json\/wp\/v2\/tags?post=26412"}],"curies":[{"name":"wp","href":"https:\/\/api.w.org\/{rel}","templated":true}]}}