{"id":26408,"date":"2023-07-10T20:37:52","date_gmt":"2023-07-10T18:37:52","guid":{"rendered":"https:\/\/bisbalpenedes.com\/web\/?p=26408"},"modified":"2023-07-10T20:37:52","modified_gmt":"2023-07-10T18:37:52","slug":"aquest-dimarts-11-de-juliol-podreu-gaudir-de-la-darrera-sessio-del-club-de-lectura-de-la-temporada-a-la-piscina-municipal","status":"publish","type":"post","link":"https:\/\/bisbalpenedes.com\/web\/2023\/07\/10\/aquest-dimarts-11-de-juliol-podreu-gaudir-de-la-darrera-sessio-del-club-de-lectura-de-la-temporada-a-la-piscina-municipal\/","title":{"rendered":"Aquest dimarts 11 de juliol podreu gaudir de la darrera sessi\u00f3 del club de lectura de la temporada a la piscina municipal"},"content":{"rendered":"\n<p>Aquest dimarts 11 de juliol el club de lectura de la Biblioteca p\u00fablica de la Bisbal tanca temporada amb la&nbsp; sessi\u00f3 m\u00e9s refrescant de l\u2019any: el club de la piscina.<\/p>\n\n\n\n<p>La trobada, condu\u00efda per Lloren\u00e7 Avi\u00f1\u00f3, tindr\u00e0 lloc a la piscina a les 18.30h i, all\u00e0, es repassaran algunes de les lectures d\u2019aquest any i els participants del club rebran unes quantes recomanacions liter\u00e0ries per aquest estiu.<\/p>\n\n\n\n<p>Us recordem que aquesta activitat \u00e9s gratu\u00efta i oberta a tothom, independentment de s\u00ed hi heu participat alguna vegada abans o no.<\/p>\n\n\n\n<hr class=\"wp-block-separator has-alpha-channel-opacity\"\/>\n\n\n\n<p><strong>CASTELLANO <\/strong>| Este martes 11 de julio el club de lectura de la Biblioteca p\u00fablica de la Bisbal cierra temporada con la sesi\u00f3n m\u00e1s refrescante del a\u00f1o: el club de la piscina.<\/p>\n\n\n\n<p>El encuentro, conducido por Lloren\u00e7 Avi\u00f1\u00f3, tendr\u00e1 lugar en la piscina a las 18:30h y, all\u00ed, se repasar\u00e1n algunas de las lecturas de este a\u00f1o y los participantes del club recibir\u00e1n unas cuantas recomendaciones literarias para este verano.<\/p>\n\n\n\n<p>Os recordamos que esta actividad es gratuita y abierta a todo el mundo, independientemente de si hab\u00e9is participado en ella alguna vez o no.<\/p>\n","protected":false},"excerpt":{"rendered":"<p>Aquest dimarts 11 de juliol el club de lectura de la Biblioteca p\u00fablica de la Bisbal tanca temporada amb la&nbsp; sessi\u00f3 m\u00e9s refrescant de l\u2019any: el club de la piscina. &hellip; <a href=\"https:\/\/bisbalpenedes.com\/web\/2023\/07\/10\/aquest-dimarts-11-de-juliol-podreu-gaudir-de-la-darrera-sessio-del-club-de-lectura-de-la-temporada-a-la-piscina-municipal\/\" class=\"more-link\">Read More<\/a><\/p>\n","protected":false},"author":4,"featured_media":26409,"comment_status":"closed","ping_status":"closed","sticky":false,"template":"","format":"standard","meta":[],"categories":[2478,13,8],"tags":[459,1341,412,393,1374,266],"_links":{"self":[{"href":"https:\/\/bisbalpenedes.com\/web\/wp-json\/wp\/v2\/posts\/26408"}],"collection":[{"href":"https:\/\/bisbalpenedes.com\/web\/wp-json\/wp\/v2\/posts"}],"about":[{"href":"https:\/\/bisbalpenedes.com\/web\/wp-json\/wp\/v2\/types\/post"}],"author":[{"embeddable":true,"href":"https:\/\/bisbalpenedes.com\/web\/wp-json\/wp\/v2\/users\/4"}],"replies":[{"embeddable":true,"href":"https:\/\/bisbalpenedes.com\/web\/wp-json\/wp\/v2\/comments?post=26408"}],"version-history":[{"count":1,"href":"https:\/\/bisbalpenedes.com\/web\/wp-json\/wp\/v2\/posts\/26408\/revisions"}],"predecessor-version":[{"id":26410,"href":"https:\/\/bisbalpenedes.com\/web\/wp-json\/wp\/v2\/posts\/26408\/revisions\/26410"}],"wp:featuredmedia":[{"embeddable":true,"href":"https:\/\/bisbalpenedes.com\/web\/wp-json\/wp\/v2\/media\/26409"}],"wp:attachment":[{"href":"https:\/\/bisbalpenedes.com\/web\/wp-json\/wp\/v2\/media?parent=26408"}],"wp:term":[{"taxonomy":"category","embeddable":true,"href":"https:\/\/bisbalpenedes.com\/web\/wp-json\/wp\/v2\/categories?post=26408"},{"taxonomy":"post_tag","embeddable":true,"href":"https:\/\/bisbalpenedes.com\/web\/wp-json\/wp\/v2\/tags?post=26408"}],"curies":[{"name":"wp","href":"https:\/\/api.w.org\/{rel}","templated":true}]}}