{"id":26395,"date":"2023-07-10T13:16:41","date_gmt":"2023-07-10T11:16:41","guid":{"rendered":"https:\/\/bisbalpenedes.com\/web\/?p=26395"},"modified":"2023-07-10T13:16:41","modified_gmt":"2023-07-10T11:16:41","slug":"avis-per-calor-per-a-les-nits-de-dilluns-i-dimarts-i-per-al-dimarts-a-les-hores-centrals-del-dia","status":"publish","type":"post","link":"https:\/\/bisbalpenedes.com\/web\/2023\/07\/10\/avis-per-calor-per-a-les-nits-de-dilluns-i-dimarts-i-per-al-dimarts-a-les-hores-centrals-del-dia\/","title":{"rendered":"Av\u00eds per calor per a les nits de dilluns i dimarts i per al dimarts a les hores centrals del dia"},"content":{"rendered":"\n<p><br>Aquests dies seran molt calorosos.<\/p>\n\n\n\n<p>El Servei Meteorol\u00f2gic de Catalunya ha em\u00e8s un av\u00eds per calor per a les dues pr\u00f2ximes nits i per a dem\u00e0 dimarts a les hores centrals del dia.<\/p>\n\n\n\n<p>En dies de molta calor, seguiu les recomanacions del Departament de Salut de la Generalitat de Catalunya.<\/p>\n\n\n\n<hr class=\"wp-block-separator has-alpha-channel-opacity\"\/>\n\n\n\n<p>Estos d\u00edas ser\u00e1n muy calurosos.<\/p>\n\n\n\n<p>El Servicio Meteorol\u00f3gico de Catalu\u00f1a ha emitido un aviso por calor para las dos pr\u00f3ximas noches y para ma\u00f1ana martes a las horas centrales del d\u00eda.<\/p>\n\n\n\n<p>En los d\u00edas de mucho calor, seguid las recomendaciones del Departamento de Salud de la Generalitat de Catalunya.<\/p>\n\n\n\n<figure class=\"wp-block-image size-large\"><img loading=\"lazy\" width=\"1024\" height=\"1024\" src=\"https:\/\/bisbalpenedes.com\/web\/wp-content\/uploads\/2023\/07\/AVI\u0301S-CALOR-NOCTURN-1024x1024.png\" alt=\"\" class=\"wp-image-26397\" srcset=\"https:\/\/bisbalpenedes.com\/web\/wp-content\/uploads\/2023\/07\/AVI\u0301S-CALOR-NOCTURN-1024x1024.png 1024w, https:\/\/bisbalpenedes.com\/web\/wp-content\/uploads\/2023\/07\/AVI\u0301S-CALOR-NOCTURN-300x300.png 300w, https:\/\/bisbalpenedes.com\/web\/wp-content\/uploads\/2023\/07\/AVI\u0301S-CALOR-NOCTURN-150x150.png 150w, https:\/\/bisbalpenedes.com\/web\/wp-content\/uploads\/2023\/07\/AVI\u0301S-CALOR-NOCTURN-768x768.png 768w, https:\/\/bisbalpenedes.com\/web\/wp-content\/uploads\/2023\/07\/AVI\u0301S-CALOR-NOCTURN-600x600.png 600w, https:\/\/bisbalpenedes.com\/web\/wp-content\/uploads\/2023\/07\/AVI\u0301S-CALOR-NOCTURN-100x100.png 100w, https:\/\/bisbalpenedes.com\/web\/wp-content\/uploads\/2023\/07\/AVI\u0301S-CALOR-NOCTURN.png 1080w\" sizes=\"(max-width: 1024px) 100vw, 1024px\" \/><\/figure>\n\n\n\n<figure class=\"wp-block-image size-large\"><img loading=\"lazy\" width=\"1024\" height=\"1024\" src=\"https:\/\/bisbalpenedes.com\/web\/wp-content\/uploads\/2023\/07\/AVIS-CALOR-INTENS-DIMARTS-11-JULIOL-1024x1024.png\" alt=\"\" class=\"wp-image-26398\" srcset=\"https:\/\/bisbalpenedes.com\/web\/wp-content\/uploads\/2023\/07\/AVIS-CALOR-INTENS-DIMARTS-11-JULIOL-1024x1024.png 1024w, https:\/\/bisbalpenedes.com\/web\/wp-content\/uploads\/2023\/07\/AVIS-CALOR-INTENS-DIMARTS-11-JULIOL-300x300.png 300w, https:\/\/bisbalpenedes.com\/web\/wp-content\/uploads\/2023\/07\/AVIS-CALOR-INTENS-DIMARTS-11-JULIOL-150x150.png 150w, https:\/\/bisbalpenedes.com\/web\/wp-content\/uploads\/2023\/07\/AVIS-CALOR-INTENS-DIMARTS-11-JULIOL-768x768.png 768w, https:\/\/bisbalpenedes.com\/web\/wp-content\/uploads\/2023\/07\/AVIS-CALOR-INTENS-DIMARTS-11-JULIOL-600x600.png 600w, https:\/\/bisbalpenedes.com\/web\/wp-content\/uploads\/2023\/07\/AVIS-CALOR-INTENS-DIMARTS-11-JULIOL-100x100.png 100w, https:\/\/bisbalpenedes.com\/web\/wp-content\/uploads\/2023\/07\/AVIS-CALOR-INTENS-DIMARTS-11-JULIOL.png 1080w\" sizes=\"(max-width: 1024px) 100vw, 1024px\" \/><\/figure>\n","protected":false},"excerpt":{"rendered":"<p>Aquests dies seran molt calorosos. El Servei Meteorol\u00f2gic de Catalunya ha em\u00e8s un av\u00eds per calor per a les dues pr\u00f2ximes nits i per a dem\u00e0 dimarts a les hores &hellip; <a href=\"https:\/\/bisbalpenedes.com\/web\/2023\/07\/10\/avis-per-calor-per-a-les-nits-de-dilluns-i-dimarts-i-per-al-dimarts-a-les-hores-centrals-del-dia\/\" class=\"more-link\">Read More<\/a><\/p>\n","protected":false},"author":4,"featured_media":26396,"comment_status":"closed","ping_status":"closed","sticky":false,"template":"","format":"standard","meta":[],"categories":[2543,8],"tags":[4580,459,76,393,2050,1188,2228,1374,886],"_links":{"self":[{"href":"https:\/\/bisbalpenedes.com\/web\/wp-json\/wp\/v2\/posts\/26395"}],"collection":[{"href":"https:\/\/bisbalpenedes.com\/web\/wp-json\/wp\/v2\/posts"}],"about":[{"href":"https:\/\/bisbalpenedes.com\/web\/wp-json\/wp\/v2\/types\/post"}],"author":[{"embeddable":true,"href":"https:\/\/bisbalpenedes.com\/web\/wp-json\/wp\/v2\/users\/4"}],"replies":[{"embeddable":true,"href":"https:\/\/bisbalpenedes.com\/web\/wp-json\/wp\/v2\/comments?post=26395"}],"version-history":[{"count":1,"href":"https:\/\/bisbalpenedes.com\/web\/wp-json\/wp\/v2\/posts\/26395\/revisions"}],"predecessor-version":[{"id":26400,"href":"https:\/\/bisbalpenedes.com\/web\/wp-json\/wp\/v2\/posts\/26395\/revisions\/26400"}],"wp:featuredmedia":[{"embeddable":true,"href":"https:\/\/bisbalpenedes.com\/web\/wp-json\/wp\/v2\/media\/26396"}],"wp:attachment":[{"href":"https:\/\/bisbalpenedes.com\/web\/wp-json\/wp\/v2\/media?parent=26395"}],"wp:term":[{"taxonomy":"category","embeddable":true,"href":"https:\/\/bisbalpenedes.com\/web\/wp-json\/wp\/v2\/categories?post=26395"},{"taxonomy":"post_tag","embeddable":true,"href":"https:\/\/bisbalpenedes.com\/web\/wp-json\/wp\/v2\/tags?post=26395"}],"curies":[{"name":"wp","href":"https:\/\/api.w.org\/{rel}","templated":true}]}}