{"id":2639,"date":"2017-06-20T02:49:56","date_gmt":"2017-06-19T20:49:56","guid":{"rendered":"http:\/\/bisbalpenedes.com\/web\/?p=2639"},"modified":"2017-06-20T02:52:35","modified_gmt":"2017-06-19T20:52:35","slug":"un-grup-dalumnes-de-linstitut-coster-de-la-torre-rep-la-mencio-especial-dels-premis-xprimenta-2017","status":"publish","type":"post","link":"https:\/\/bisbalpenedes.com\/web\/2017\/06\/20\/un-grup-dalumnes-de-linstitut-coster-de-la-torre-rep-la-mencio-especial-dels-premis-xprimenta-2017\/","title":{"rendered":"Un grup d&#8217;alumnes de l&#8217;Institut Coster de la Torre rep la menci\u00f3 especial dels premis &#8216;X(p)rimenta 2017&#8217;"},"content":{"rendered":"<p>Aquest dimarts 20 de juny el campus de la UPC de Castelldefels acollir\u00e0 l&#8217;acte de lliurament dels guardons dels premis &#8216;X(p)rimenta 2017&#8217;. Tot i que els premis han anat a parar a l&#8217;Escola frederic Mistral &#8211; T\u00e8cnic Eul\u00e0lia (Barcelona), l&#8217;Escola Bret\u00e0nia &#8211; Patmos (Barcelona i el Col\u00b7legi Tecla Sala (L&#8217;Hospitalet de Llobregat), un grup d&#8217;alumnes de l&#8217;Institut Coster de la Torre de La Bisbal del Pened\u00e8s rebr\u00e0 una menci\u00f3 especial pel seu treball &#8220;Interfer\u00e8nicies de les ones&#8221;. Us en deixem el v\u00eddeo i aprofitem per felicitar a tots els alumnes que hi han participat i, en especial, als que rebran la menci\u00f3 dem\u00e0 dimarts:<\/p>\n<p><iframe loading=\"lazy\" src=\"https:\/\/www.youtube.com\/embed\/u9U9rq457OY\" frameborder=\"0\" width=\"560\" height=\"315\"><\/iframe><\/p>\n<p>Val a dir que els alumnes guardonats amb Mencions gaudiran d&#8217;entrades gratu\u00eftes per visitar el CosmoCaixa i el MNATEC.<\/p>\n<p>X(p)rimenta 2017 \u00e9s una iniciativa organitzada per la Fundaci\u00f3 Catalana per a la Recerca i la Innovaci\u00f3 i per l&#8217;Associaci\u00f3 Catalana de Comunicaci\u00f3 Cient\u00edfica.<\/p>\n<p>M\u00e9s informaci\u00f3 a l&#8217;enlla\u00e7:\u00a0<a href=\"http:\/\/www.recercaenaccio.cat\/noticies\/ja-tenim-els-guanyadors-dxprimenta-2017\/\" target=\"_blank\">http:\/\/www.recercaenaccio.cat\/noticies\/ja-tenim-els-guanyadors-dxprimenta-2017\/<\/a><\/p>\n","protected":false},"excerpt":{"rendered":"<p>Aquest dimarts 20 de juny el campus de la UPC de Castelldefels acollir\u00e0 l&#8217;acte de lliurament dels guardons dels premis &#8216;X(p)rimenta 2017&#8217;. Tot i que els premis han anat a &hellip; <a href=\"https:\/\/bisbalpenedes.com\/web\/2017\/06\/20\/un-grup-dalumnes-de-linstitut-coster-de-la-torre-rep-la-mencio-especial-dels-premis-xprimenta-2017\/\" class=\"more-link\">Read More<\/a><\/p>\n","protected":false},"author":4,"featured_media":0,"comment_status":"closed","ping_status":"closed","sticky":false,"template":"","format":"standard","meta":[],"categories":[8],"tags":[355,332,559,558,178,560],"_links":{"self":[{"href":"https:\/\/bisbalpenedes.com\/web\/wp-json\/wp\/v2\/posts\/2639"}],"collection":[{"href":"https:\/\/bisbalpenedes.com\/web\/wp-json\/wp\/v2\/posts"}],"about":[{"href":"https:\/\/bisbalpenedes.com\/web\/wp-json\/wp\/v2\/types\/post"}],"author":[{"embeddable":true,"href":"https:\/\/bisbalpenedes.com\/web\/wp-json\/wp\/v2\/users\/4"}],"replies":[{"embeddable":true,"href":"https:\/\/bisbalpenedes.com\/web\/wp-json\/wp\/v2\/comments?post=2639"}],"version-history":[{"count":9,"href":"https:\/\/bisbalpenedes.com\/web\/wp-json\/wp\/v2\/posts\/2639\/revisions"}],"predecessor-version":[{"id":2648,"href":"https:\/\/bisbalpenedes.com\/web\/wp-json\/wp\/v2\/posts\/2639\/revisions\/2648"}],"wp:attachment":[{"href":"https:\/\/bisbalpenedes.com\/web\/wp-json\/wp\/v2\/media?parent=2639"}],"wp:term":[{"taxonomy":"category","embeddable":true,"href":"https:\/\/bisbalpenedes.com\/web\/wp-json\/wp\/v2\/categories?post=2639"},{"taxonomy":"post_tag","embeddable":true,"href":"https:\/\/bisbalpenedes.com\/web\/wp-json\/wp\/v2\/tags?post=2639"}],"curies":[{"name":"wp","href":"https:\/\/api.w.org\/{rel}","templated":true}]}}