{"id":26319,"date":"2023-07-02T07:20:00","date_gmt":"2023-07-02T05:20:00","guid":{"rendered":"https:\/\/bisbalpenedes.com\/web\/?p=26319"},"modified":"2023-07-07T07:24:09","modified_gmt":"2023-07-07T05:24:09","slug":"el-passat-dimecres-28-de-juny-es-va-celebrar-un-ple-extraordinari-a-lajuntament-de-la-bisbal-del-penedes","status":"publish","type":"post","link":"https:\/\/bisbalpenedes.com\/web\/2023\/07\/02\/el-passat-dimecres-28-de-juny-es-va-celebrar-un-ple-extraordinari-a-lajuntament-de-la-bisbal-del-penedes\/","title":{"rendered":"<strong>El passat dimecres 28 de juny es va celebrar un Ple extraordinari a l\u2019Ajuntament de la Bisbal del Pened\u00e8s<\/strong>"},"content":{"rendered":"\n<figure class=\"wp-block-embed is-type-video is-provider-youtube wp-block-embed-youtube wp-embed-aspect-16-9 wp-has-aspect-ratio\"><div class=\"wp-block-embed__wrapper\">\n<iframe loading=\"lazy\" title=\"Ajuntament de la Bisbal del Pened\u00e8s. Ple extraordinari de 28 de juny de 2023\" width=\"1170\" height=\"658\" src=\"https:\/\/www.youtube.com\/embed\/v5bev-LJP5o?feature=oembed\" frameborder=\"0\" allow=\"accelerometer; autoplay; clipboard-write; encrypted-media; gyroscope; picture-in-picture; web-share\" allowfullscreen><\/iframe>\n<\/div><\/figure>\n\n\n\n<p>El dimecres 28 de juny, a les 10h, es va celebrar un Ple extraordinari a l\u2019Ajuntament de la Bisbal del Pened\u00e8s. La regidora de Tots som la Bisbal, Maguy Antol\u00edn, no va assistir a la sessi\u00f3. S\u2019hi van tractar els seg\u00fcents punts:<\/p>\n\n\n\n<p><strong>1.-Sorteig de la designaci\u00f3 dels membres titulars i suplents de les meses electorals, per a les eleccions municipals del 23 de juliol.<\/strong><\/p>\n\n\n\n<p><strong>2.-Periodicitat de les sessions ordin\u00e0ries del Ple.<\/strong><\/p>\n\n\n\n<p>Es va aprovar per unanimitat dels assistents.<\/p>\n\n\n\n<p>Es va establir que els Plens ordinaris siguin el tercer dilluns de mar\u00e7, juny, setembre i desembre a les 18h. En cas de ser festiu, el Ple passaria a celebrar-se el seg\u00fcent dia feiner. Per tant, aquest 2023 els Plens ordinaris seran el dilluns 18 de setembre a les 18h i el dilluns 18 de desembre a les 18h.<\/p>\n\n\n\n<p><strong>3.-Constituci\u00f3 de la Junta de Govern Local.<\/strong><\/p>\n\n\n\n<p>Es va aprovar per unanimitat dels assistents.<\/p>\n\n\n\n<p>Tal com estableix l\u2019article 24.8 del ROM \u201c<em>el Ple, en el termini dels 30 dies h\u00e0bils seg\u00fcents a la sessi\u00f3 constitutiva, aprovar\u00e0 per Ple la constituci\u00f3 de la Junta de Govern Local<\/em>\u201d. Per tant, el Ple va aprovar la constituci\u00f3 de la Junta de Govern Local i que les sessions siguin quinzenals. Una vegada constitu\u00efda, s\u2019aprovaran -en un altre Ple- qui s\u00f3n els membres que integren la Junta i s\u2019aprovar\u00e0 per Decret el dia i l\u2019hora de les Juntes de Govern Local ordin\u00e0ries.<\/p>\n\n\n\n<p><strong>4.-Donar compte del nomenament de la tinenta d\u2019alcaldessa.<\/strong><\/p>\n\n\n\n<p>L\u2019alcaldessa va donar compte del Decret d\u2019alcaldia del 20 de juny on es designava com a tinent d\u2019alcaldessa la regidora Judith Vidal Vilella.<\/p>\n\n\n\n<p><strong>5.-Donar compte de la delegaci\u00f3 de regidories.<\/strong><\/p>\n\n\n\n<p>L\u2019alcaldessa va donar compte del Decret d\u2019alcaldia del 23 de juny pel qual s\u2019aprovaven les delegacions especials de compet\u00e8ncies de l\u2019alcaldessa als regidors i regidores de l\u2019equip de govern i dividir l\u2019administraci\u00f3 municipal en cinc \u00e0rees.<\/p>\n\n\n\n<p>Podeu ampliar la informaci\u00f3 en aquest <strong><u><a href=\"mailto:https:\/\/bisbalpenedes.com\/web\/2023\/06\/23\/lalcaldessa-agnes-ferre-ha-signat-el-decret-de-delegacio-de-competencies-als-regidors-i-regidores-de-lequip-de-govern\/\">enlla\u00e7.<\/a><\/u><\/strong><\/p>\n\n\n\n<p><strong>6.-Donar compte de la formaci\u00f3 dels grups pol\u00edtics municipals.<\/strong><\/p>\n\n\n\n<p>Es va donar compte al Ple de la constituci\u00f3 dels grups pol\u00edtics municipals, tal com indica l\u2019article 86 del ROM: \u201c<em>Els grups pol\u00edtics municipals es constituiran mitjan\u00e7ant un escrit individual dirigit a l\u2019alcaldia, dins els 5 dies h\u00e0bils seg\u00fcents a la constituci\u00f3 de la Corporaci\u00f3. De la constituci\u00f3 i la composici\u00f3 dels grups pol\u00edtics municipals se n\u2019haur\u00e0 de donar compte al Ple per part de l\u2019alcaldia en la primera sessi\u00f3 que tingui lloc, a efectes purament informatius<\/em>\u201d.<\/p>\n\n\n\n<p>Els 5 regidors de Comprom\u00eds ho van sol\u00b7licitar el dilluns 19 de juny, nomenant la regidora Judith Vidal com a portaveu i la regidora Paqui Cepas com a portaveu suplent.<\/p>\n\n\n\n<p>El regidor del PSC va sol\u00b7licitar-ho el dilluns 19 de juny, nomenant el regidor Dani Caballero com a portaveu.<\/p>\n\n\n\n<p>Els 2 regidors de Tots som la Bisbal \u2013 Urbanizaciones Unidas ho van sol\u00b7licitar el dilluns 19 de juny, nomenant la regidora Maguy Antol\u00edn com a portaveu i el regidor Ra\u00fal Cort\u00e9s com a portaveu suplent.<\/p>\n\n\n\n<p>La regidora d\u2019ERC ho va sol\u00b7licitar el dimarts 20 de juny, nomenant la regidora S\u00edlvia Monfort com a portaveu.<\/p>\n\n\n\n<p>Els 2 regidors de la Bisbal Decideix ho van sol\u00b7licitar el dijous 22 de juny, nomenant el regidor Mart\u00edn Deluca com a portaveu i el regidor Jaume Valls com a portaveu suplent.<\/p>\n\n\n\n<hr class=\"wp-block-separator has-alpha-channel-opacity\"\/>\n\n\n\n<p><strong>CASTELLANO | <\/strong>El mi\u00e9rcoles 28 de junio, a las 10h, se celebr\u00f3 un Pleno extraordinario en el Ayuntamiento de la Bisbal del Pened\u00e8s. La concejala de Tots som la Bisbal, Maguy Antol\u00edn, no asisti\u00f3 a la sesi\u00f3n. Se trataron los siguientes puntos:<\/p>\n\n\n\n<p><strong>1.-Sorteo de la designaci\u00f3n de los miembros titulares y suplentes de las mesas electorales, para las elecciones municipales del 23 de julio.<\/strong><\/p>\n\n\n\n<p><strong>2.-Periodicidad de las sesiones ordinarias del Pleno:<\/strong><\/p>\n\n\n\n<p>Se aprob\u00f3 por unanimidad de los asistentes.<\/p>\n\n\n\n<p>Se estableci\u00f3 que los Plenos ordinarios sean el tercer lunes de marzo, junio, septiembre y diciembre a las 18h. En caso de ser festivo, el Pleno pasar\u00eda a celebrarse el siguiente d\u00eda laborable. Por lo tanto, este 2023 los Plenos ordinarios ser\u00e1n el lunes 18 de septiembre a las 18h y el lunes 18 de diciembre a las 18h.<\/p>\n\n\n\n<p><strong>3.-Constituci\u00f3n de la Junta de Gobierno Local.<\/strong><\/p>\n\n\n\n<p>Se aprob\u00f3 por unanimidad de los asistentes.<\/p>\n\n\n\n<p>Tal como establece el art\u00edculo 24.8 del ROM \u201cel Pleno, en el plazo de 30 d\u00edas h\u00e1biles siguientes a la sesi\u00f3n constitutiva, aprobar\u00e1 por Pleno la constituci\u00f3n de la Junta de Gobierno Local\u201d. Por tanto, el Pleno aprob\u00f3 la constituci\u00f3n de la Junta de Gobierno Local y que las sesiones sean quincenales. Una vez constituida, se aprobar\u00e1 -en otro Pleno- quienes son los miembros que integran la Junta y se aprobar\u00e1 por Decreto y el d\u00eda y la hora de las Juntas de Gobierno Local ordinarias.<\/p>\n\n\n\n<p><strong>4.-Dar cuenta del nombramiento de la teniente de alcald\u00eda.<\/strong><\/p>\n\n\n\n<p>La alcaldesa dio cuenta del Decreto de alcald\u00eda del 20 de junio en el que designaba como teniente de alcaldesa a la concejala Judith Vidal Vilella.<\/p>\n\n\n\n<p><strong>5.-Dar cuenta de la delegaci\u00f3n de concejal\u00edas<\/strong><\/p>\n\n\n\n<p>La alcaldesa dio cuenta del Decreto de alcald\u00eda del 23 de junio por el cual se aprobaban las delegaciones especiales de competencias de la alcaldesa a los concejales y concejalas del equipo de gobierno y dividir la administraci\u00f3n municipal en cinco \u00e1reas.<\/p>\n\n\n\n<p>Pod\u00e9is ampliar la informaci\u00f3n en este enlace:<\/p>\n\n\n\n<p><strong>6.Dar cuenta de la formaci\u00f3n de grupos pol\u00edticos municipales.<\/strong><\/p>\n\n\n\n<p>Se dio cuenta al Pleno de la constituci\u00f3n de los grupos pol\u00edticos municipales, tal y como indica el art\u00edculo 86 del ROM: \u201cLos grupos pol\u00edticos municipales se constituir\u00e1n mediante un escrito individual dirigido a alcald\u00eda, dentro de los 5 d\u00edas h\u00e1biles siguientes a la constituci\u00f3n de la Corporaci\u00f3n. De la constituci\u00f3n y la composici\u00f3n de los grupos pol\u00edticos municipales se deber\u00e1 dar cuenta al Pleno por parte de alcald\u00eda en la primera sesi\u00f3n que tenga lugar, a efectos puramente informativos\u201d.<\/p>\n\n\n\n<p>Los 5 concejales de Comprom\u00eds lo solicitaron el lunes 19 de junio, nombrando la concejala Judith Vidal como portavoz y a la concejala Paqui Cepas como portavoz suplente.<\/p>\n\n\n\n<p>El concejal del PSC lo solicit\u00f3 el lunes 19 de junio, nombrando al concejal Dani Caballero como portavoz.<\/p>\n\n\n\n<p>Los 2 concejales de Tots som la Bisbal -Urbanizaciones Unidas lo solicitaron el lunes 19 de junio, nombrando a la concejala Maguy Antol\u00edn como portavoz y al concejal Ra\u00fal Cort\u00e9s como portavoz suplente.<\/p>\n\n\n\n<p>La concejala de ERC lo solicit\u00f3 el martes 20 de junio, nombrando a la concejala S\u00edlvia Monfort como portavoz.<\/p>\n\n\n\n<p>Los 2 concejales de la Bisbal Decideix lo solicitaron el jueves 22 de junio, nombrando al concejal Mart\u00edn Deluca como portavoz y al concejal Jaume Valls como portavoz suplente.<\/p>\n","protected":false},"excerpt":{"rendered":"<p>El dimecres 28 de juny, a les 10h, es va celebrar un Ple extraordinari a l\u2019Ajuntament de la Bisbal del Pened\u00e8s. La regidora de Tots som la Bisbal, Maguy Antol\u00edn, &hellip; <a href=\"https:\/\/bisbalpenedes.com\/web\/2023\/07\/02\/el-passat-dimecres-28-de-juny-es-va-celebrar-un-ple-extraordinari-a-lajuntament-de-la-bisbal-del-penedes\/\" class=\"more-link\">Read More<\/a><\/p>\n","protected":false},"author":4,"featured_media":26320,"comment_status":"closed","ping_status":"closed","sticky":false,"template":"","format":"standard","meta":[],"categories":[8,2250],"tags":[459,393,139,423],"_links":{"self":[{"href":"https:\/\/bisbalpenedes.com\/web\/wp-json\/wp\/v2\/posts\/26319"}],"collection":[{"href":"https:\/\/bisbalpenedes.com\/web\/wp-json\/wp\/v2\/posts"}],"about":[{"href":"https:\/\/bisbalpenedes.com\/web\/wp-json\/wp\/v2\/types\/post"}],"author":[{"embeddable":true,"href":"https:\/\/bisbalpenedes.com\/web\/wp-json\/wp\/v2\/users\/4"}],"replies":[{"embeddable":true,"href":"https:\/\/bisbalpenedes.com\/web\/wp-json\/wp\/v2\/comments?post=26319"}],"version-history":[{"count":2,"href":"https:\/\/bisbalpenedes.com\/web\/wp-json\/wp\/v2\/posts\/26319\/revisions"}],"predecessor-version":[{"id":26322,"href":"https:\/\/bisbalpenedes.com\/web\/wp-json\/wp\/v2\/posts\/26319\/revisions\/26322"}],"wp:featuredmedia":[{"embeddable":true,"href":"https:\/\/bisbalpenedes.com\/web\/wp-json\/wp\/v2\/media\/26320"}],"wp:attachment":[{"href":"https:\/\/bisbalpenedes.com\/web\/wp-json\/wp\/v2\/media?parent=26319"}],"wp:term":[{"taxonomy":"category","embeddable":true,"href":"https:\/\/bisbalpenedes.com\/web\/wp-json\/wp\/v2\/categories?post=26319"},{"taxonomy":"post_tag","embeddable":true,"href":"https:\/\/bisbalpenedes.com\/web\/wp-json\/wp\/v2\/tags?post=26319"}],"curies":[{"name":"wp","href":"https:\/\/api.w.org\/{rel}","templated":true}]}}