{"id":2628,"date":"2017-06-20T01:40:05","date_gmt":"2017-06-19T19:40:05","guid":{"rendered":"http:\/\/bisbalpenedes.com\/web\/?p=2628"},"modified":"2017-06-20T01:43:48","modified_gmt":"2017-06-19T19:43:48","slug":"el-dimecres-21-de-juny-a-les-19h-el-cmc-acull-el-concert-final-de-curs-dels-alumnes-de-lescola-municipal-de-musica","status":"publish","type":"post","link":"https:\/\/bisbalpenedes.com\/web\/2017\/06\/20\/el-dimecres-21-de-juny-a-les-19h-el-cmc-acull-el-concert-final-de-curs-dels-alumnes-de-lescola-municipal-de-musica\/","title":{"rendered":"El dimecres 21 de juny a les 19h el CMC acull el concert final de curs dels alumnes de l&#8217;Escola Municipal de M\u00fasica"},"content":{"rendered":"<p>Aquest dimecres 21 de juny a les 19h l&#8217;Auditori Salv\u00e0 del Centre Municipal de Cultura (CMC) acollir\u00e0 l&#8217;audici\u00f3 final de curs dels alumnes de l&#8217;Escola Municipal de M\u00fasica de La Bisbal. En aquest concert els nens i les nenes de l&#8217;Escola de M\u00fasica faran una mostra del seu aprenentatge i dels seus progressos amb la guitarra, el piano, la bateria, el cant i el llenguatge musical. L&#8217;entrada \u00e9s lliure i oberta a tothom.<\/p>\n<p><a href=\"http:\/\/bisbalpenedes.com\/web\/wp-content\/uploads\/2016\/10\/escola_musica_2016.jpg\"><img loading=\"lazy\" class=\"aligncenter size-medium wp-image-1820\" title=\"escola_musica_imatge\" src=\"http:\/\/bisbalpenedes.com\/web\/wp-content\/uploads\/2016\/10\/escola_musica_2016-e1497901140193-170x300.jpg\" alt=\"\" width=\"170\" height=\"300\" srcset=\"https:\/\/bisbalpenedes.com\/web\/wp-content\/uploads\/2016\/10\/escola_musica_2016-e1497901140193-170x300.jpg 170w, https:\/\/bisbalpenedes.com\/web\/wp-content\/uploads\/2016\/10\/escola_musica_2016-e1497901140193-600x1054.jpg 600w, https:\/\/bisbalpenedes.com\/web\/wp-content\/uploads\/2016\/10\/escola_musica_2016-e1497901140193-582x1024.jpg 582w, https:\/\/bisbalpenedes.com\/web\/wp-content\/uploads\/2016\/10\/escola_musica_2016-e1497901140193.jpg 659w\" sizes=\"(max-width: 170px) 100vw, 170px\" \/><\/a><\/p>\n","protected":false},"excerpt":{"rendered":"<p>Aquest dimecres 21 de juny a les 19h l&#8217;Auditori Salv\u00e0 del Centre Municipal de Cultura (CMC) acollir\u00e0 l&#8217;audici\u00f3 final de curs dels alumnes de l&#8217;Escola Municipal de M\u00fasica de La &hellip; <a href=\"https:\/\/bisbalpenedes.com\/web\/2017\/06\/20\/el-dimecres-21-de-juny-a-les-19h-el-cmc-acull-el-concert-final-de-curs-dels-alumnes-de-lescola-municipal-de-musica\/\" class=\"more-link\">Read More<\/a><\/p>\n","protected":false},"author":4,"featured_media":1820,"comment_status":"closed","ping_status":"closed","sticky":false,"template":"","format":"standard","meta":[],"categories":[13],"tags":[548,550,73,65,545,546,549,72,547],"_links":{"self":[{"href":"https:\/\/bisbalpenedes.com\/web\/wp-json\/wp\/v2\/posts\/2628"}],"collection":[{"href":"https:\/\/bisbalpenedes.com\/web\/wp-json\/wp\/v2\/posts"}],"about":[{"href":"https:\/\/bisbalpenedes.com\/web\/wp-json\/wp\/v2\/types\/post"}],"author":[{"embeddable":true,"href":"https:\/\/bisbalpenedes.com\/web\/wp-json\/wp\/v2\/users\/4"}],"replies":[{"embeddable":true,"href":"https:\/\/bisbalpenedes.com\/web\/wp-json\/wp\/v2\/comments?post=2628"}],"version-history":[{"count":3,"href":"https:\/\/bisbalpenedes.com\/web\/wp-json\/wp\/v2\/posts\/2628\/revisions"}],"predecessor-version":[{"id":2630,"href":"https:\/\/bisbalpenedes.com\/web\/wp-json\/wp\/v2\/posts\/2628\/revisions\/2630"}],"wp:featuredmedia":[{"embeddable":true,"href":"https:\/\/bisbalpenedes.com\/web\/wp-json\/wp\/v2\/media\/1820"}],"wp:attachment":[{"href":"https:\/\/bisbalpenedes.com\/web\/wp-json\/wp\/v2\/media?parent=2628"}],"wp:term":[{"taxonomy":"category","embeddable":true,"href":"https:\/\/bisbalpenedes.com\/web\/wp-json\/wp\/v2\/categories?post=2628"},{"taxonomy":"post_tag","embeddable":true,"href":"https:\/\/bisbalpenedes.com\/web\/wp-json\/wp\/v2\/tags?post=2628"}],"curies":[{"name":"wp","href":"https:\/\/api.w.org\/{rel}","templated":true}]}}