{"id":26216,"date":"2023-07-05T12:54:02","date_gmt":"2023-07-05T10:54:02","guid":{"rendered":"https:\/\/bisbalpenedes.com\/web\/?p=26216"},"modified":"2023-07-05T13:23:13","modified_gmt":"2023-07-05T11:23:13","slug":"avis-del-5-al-7-de-juliol-restriccions-en-laparcament-del-carrer-balmes-i-la-part-de-lavinguda-baix-penede-que-toca-al-camp-de-futbol","status":"publish","type":"post","link":"https:\/\/bisbalpenedes.com\/web\/2023\/07\/05\/avis-del-5-al-7-de-juliol-restriccions-en-laparcament-del-carrer-balmes-i-la-part-de-lavinguda-baix-penede-que-toca-al-camp-de-futbol\/","title":{"rendered":"Av\u00eds &#8211; Del 5 al 7 de juliol restriccions en l&#8217;aparcament del carrer Balmes i la part de l&#8217;avinguda Baix Pened\u00e8s que toca al camp de futbol"},"content":{"rendered":"\n<p>Amb motiu del centenari de l\u2019edifici antic de l\u2019escola, no es podr\u00e0 parar ni estacionar a l\u2019avinguda Baix Pened\u00e8s (des de l\u2019al\u00e7ada del consultori m\u00e8dic fins al carrer Balmes) ni al carrer Balmes.<\/p>\n\n\n\n<p>El divendres a la nit podreu gaudir del <a href=\"https:\/\/bisbalpenedes.com\/web\/2023\/07\/03\/venda-dentrades-per-al-concert-de-els-pets-del-divendres-7-de-juliol-a-les-23h\/\" target=\"_blank\" rel=\"noreferrer noopener\">concert dels Pets<\/a> i necessitem que quedi tot l\u2019espai lliure per preparar tot el muntatge.<\/p>\n\n\n\n<p>S\u00ed que podeu aparcar a l\u2019aparcament de la pla\u00e7a de l\u2019Era de Batre i del Rac\u00f3 de la Gent Gran.<\/p>\n\n\n\n<p>Disculpeu les mol\u00e8sties.<\/p>\n\n\n\n<hr class=\"wp-block-separator has-alpha-channel-opacity\"\/>\n\n\n\n<p> Con motivo del centenario del edificio antiguo de la escuela, no se podr\u00e1 parar ni estacionar en la avenida Baix Pened\u00e8s (desde la altura del consultorio m\u00e9dico hasta la calle Balmes) ni en la calle Balmes.<\/p>\n\n\n\n<p>El viernes por la noche podr\u00e9is disfrutar del <a href=\"https:\/\/bisbalpenedes.com\/web\/2023\/07\/03\/venda-dentrades-per-al-concert-de-els-pets-del-divendres-7-de-juliol-a-les-23h\/\" target=\"_blank\" rel=\"noreferrer noopener\">concierto dels Pets<\/a> y necesitamos que quede todo el espacio libre para preparar todo el montaje.<\/p>\n\n\n\n<p>S\u00ed que pod\u00e9is aparcar en el aparcamiento de la plaza de la Era de Batre y del Rac\u00f3 de la Gent Gran.<\/p>\n\n\n\n<p>Disculpad las molestias.<\/p>\n","protected":false},"excerpt":{"rendered":"<p>Amb motiu del centenari de l\u2019edifici antic de l\u2019escola, no es podr\u00e0 parar ni estacionar a l\u2019avinguda Baix Pened\u00e8s (des de l\u2019al\u00e7ada del consultori m\u00e8dic fins al carrer Balmes) ni &hellip; <a href=\"https:\/\/bisbalpenedes.com\/web\/2023\/07\/05\/avis-del-5-al-7-de-juliol-restriccions-en-laparcament-del-carrer-balmes-i-la-part-de-lavinguda-baix-penede-que-toca-al-camp-de-futbol\/\" class=\"more-link\">Read More<\/a><\/p>\n","protected":false},"author":4,"featured_media":26217,"comment_status":"closed","ping_status":"closed","sticky":false,"template":"","format":"standard","meta":[],"categories":[8],"tags":[330,1419,6087,73,6060,393,3664],"_links":{"self":[{"href":"https:\/\/bisbalpenedes.com\/web\/wp-json\/wp\/v2\/posts\/26216"}],"collection":[{"href":"https:\/\/bisbalpenedes.com\/web\/wp-json\/wp\/v2\/posts"}],"about":[{"href":"https:\/\/bisbalpenedes.com\/web\/wp-json\/wp\/v2\/types\/post"}],"author":[{"embeddable":true,"href":"https:\/\/bisbalpenedes.com\/web\/wp-json\/wp\/v2\/users\/4"}],"replies":[{"embeddable":true,"href":"https:\/\/bisbalpenedes.com\/web\/wp-json\/wp\/v2\/comments?post=26216"}],"version-history":[{"count":5,"href":"https:\/\/bisbalpenedes.com\/web\/wp-json\/wp\/v2\/posts\/26216\/revisions"}],"predecessor-version":[{"id":26225,"href":"https:\/\/bisbalpenedes.com\/web\/wp-json\/wp\/v2\/posts\/26216\/revisions\/26225"}],"wp:featuredmedia":[{"embeddable":true,"href":"https:\/\/bisbalpenedes.com\/web\/wp-json\/wp\/v2\/media\/26217"}],"wp:attachment":[{"href":"https:\/\/bisbalpenedes.com\/web\/wp-json\/wp\/v2\/media?parent=26216"}],"wp:term":[{"taxonomy":"category","embeddable":true,"href":"https:\/\/bisbalpenedes.com\/web\/wp-json\/wp\/v2\/categories?post=26216"},{"taxonomy":"post_tag","embeddable":true,"href":"https:\/\/bisbalpenedes.com\/web\/wp-json\/wp\/v2\/tags?post=26216"}],"curies":[{"name":"wp","href":"https:\/\/api.w.org\/{rel}","templated":true}]}}