{"id":26201,"date":"2023-07-04T11:46:49","date_gmt":"2023-07-04T09:46:49","guid":{"rendered":"https:\/\/bisbalpenedes.com\/web\/?p=26201"},"modified":"2023-07-04T14:47:35","modified_gmt":"2023-07-04T12:47:35","slug":"la-bisbal-acollira-aquest-mes-de-juliol-lexposicio-la-guerra-en-portada-que-permet-reviure-el-dia-a-dia-dels-primers-anys-de-la-guerra-civil","status":"publish","type":"post","link":"https:\/\/bisbalpenedes.com\/web\/2023\/07\/04\/la-bisbal-acollira-aquest-mes-de-juliol-lexposicio-la-guerra-en-portada-que-permet-reviure-el-dia-a-dia-dels-primers-anys-de-la-guerra-civil\/","title":{"rendered":"La Bisbal acollir\u00e0 aquest mes de juliol l\u2019exposici\u00f3 La Guerra en portada, que permet reviure el dia a dia dels primers anys de la guerra civil"},"content":{"rendered":"\n<p>L\u2019Ajuntament de la Bisbal del Pened\u00e8s, a trav\u00e9s de la Regidoria de Cultura, us convida el dijous 8 de juliol, a les 19:00 hores, a la inauguraci\u00f3 de l&#8217;exposici\u00f3 titulada <em>La guerra en portada. Portades originals del diari La Vanguardia, 1936-1937<\/em>, a la sala d&#8217;exposicions del Centre Municipal de Cultura de la Bisbal del Pened\u00e8s.<\/p>\n\n\n\n<p>La mostra, formada per m\u00e9s de 50 portades i retalls del diari <em>La Vanguardia<\/em>, serveix per explicar l&#8217;inici de la guerra, des de l&#8217;optimisme i l&#8217;esperan\u00e7a per una possible vict\u00f2ria, fins a les primeres mostres de la crueltat de la guerra. Ho fa a trav\u00e9s de tres blocs, un dedicat al front d&#8217;Arag\u00f3, que ens parla de la cruesa de la guerra; un segon bloc que recull la vida quotidiana i les curiositats de la rereguarda i el front; i un tercer dedicat als fets hist\u00f2rics m\u00e9s prominents d&#8217;aquells dos anys.<\/p>\n\n\n\n<p>Aquesta exposici\u00f3 s&#8217;ha pogut fer gr\u00e0cies al fons documental localitzat per la fam\u00edlia Cat\u00e0 Huguet de Lloren\u00e7 del Pened\u00e8s i de la recerca hist\u00f2rica de Marta Coll Marl\u00e8s i Marc Morales Fern\u00e1ndez.<\/p>\n\n\n\n<p>L&#8217;exposici\u00f3 es podr\u00e0 veure del dijous 8 de juliol al dissabte 29 de juliol, en horari de dilluns a divendres de 16.30h a 20h i els dissabtes de 10.30 a 13.30h. L\u2019entrada \u00e9s lliure per a tot el p\u00fablic i hi haur\u00e0 possibilitat, sota pr\u00e8via demanda, d\u2019organitzar alguna visita guiada.<\/p>\n\n\n\n<hr class=\"wp-block-separator has-alpha-channel-opacity\"\/>\n\n\n\n<p><strong>CASTELLANO |<\/strong>\u00a0El Ayuntamiento de la Bisbal del Pened\u00e8s, a trav\u00e9s de la Concejal\u00eda de Cultura, os invita el jueves 8 de julio, a las 19:00 horas, a la inauguraci\u00f3n de la exposici\u00f3n titulada <em>La guerra en portada. Portades originals del diari La Vanguardia, 1936-1937<\/em>, en la sala de exposiciones del Centre Municipal de Cultura de la Bisbal del Pened\u00e8s.<\/p>\n\n\n\n<p>La muestra, formada por m\u00e1s de 50 portadas y recortes del diario La Vanguardia, sirve para explicar el inicio de la guerra, desde el optimismo y la esperanza por una posible victoria, hasta las primeras muestras de la crueldad de la guerra. Lo hace a trav\u00e9s de tres bloques, uno dedicado al frente de Arag\u00f3n, que nos habla de la crueldad de la guerra; un segundo bloque que recoge la vida cotidiana y las curiosidades de la retaguardia y el frente; y un tercer bloque dedicado a los hechos hist\u00f3ricos m\u00e1s prominentes de aquellos dos a\u00f1os.<\/p>\n\n\n\n<p>Esta exposici\u00f3n se ha podido realizar gracias al fondo documental localizado por la familia Cat\u00e0 Huguet de Lloren\u00e7 del Pened\u00e8s y de la investigaci\u00f3n hist\u00f3rica de Marta Coll Marl\u00e8s y Marc Morales Fern\u00e1ndez.<\/p>\n\n\n\n<p>La exposici\u00f3n se podr\u00e1 ver del jueves 8 de julio al s\u00e1bado 29 de julio, en horario de lunes a viernes de 16:30h a 20h y los s\u00e1bados de 10:30h a 13:30h. La entrada es libre para todo el p\u00fablico y habr\u00e1 posibilidad, bajo previa demanda, de organizar alguna visita guiada.<\/p>\n","protected":false},"excerpt":{"rendered":"<p>L\u2019Ajuntament de la Bisbal del Pened\u00e8s, a trav\u00e9s de la Regidoria de Cultura, us convida el dijous 8 de juliol, a les 19:00 hores, a la inauguraci\u00f3 de l&#8217;exposici\u00f3 titulada &hellip; <a href=\"https:\/\/bisbalpenedes.com\/web\/2023\/07\/04\/la-bisbal-acollira-aquest-mes-de-juliol-lexposicio-la-guerra-en-portada-que-permet-reviure-el-dia-a-dia-dels-primers-anys-de-la-guerra-civil\/\" class=\"more-link\">Read More<\/a><\/p>\n","protected":false},"author":4,"featured_media":26202,"comment_status":"closed","ping_status":"closed","sticky":false,"template":"","format":"standard","meta":[],"categories":[2942,2478,13,8],"tags":[459,2930,86,393,6085,6086],"_links":{"self":[{"href":"https:\/\/bisbalpenedes.com\/web\/wp-json\/wp\/v2\/posts\/26201"}],"collection":[{"href":"https:\/\/bisbalpenedes.com\/web\/wp-json\/wp\/v2\/posts"}],"about":[{"href":"https:\/\/bisbalpenedes.com\/web\/wp-json\/wp\/v2\/types\/post"}],"author":[{"embeddable":true,"href":"https:\/\/bisbalpenedes.com\/web\/wp-json\/wp\/v2\/users\/4"}],"replies":[{"embeddable":true,"href":"https:\/\/bisbalpenedes.com\/web\/wp-json\/wp\/v2\/comments?post=26201"}],"version-history":[{"count":3,"href":"https:\/\/bisbalpenedes.com\/web\/wp-json\/wp\/v2\/posts\/26201\/revisions"}],"predecessor-version":[{"id":26209,"href":"https:\/\/bisbalpenedes.com\/web\/wp-json\/wp\/v2\/posts\/26201\/revisions\/26209"}],"wp:featuredmedia":[{"embeddable":true,"href":"https:\/\/bisbalpenedes.com\/web\/wp-json\/wp\/v2\/media\/26202"}],"wp:attachment":[{"href":"https:\/\/bisbalpenedes.com\/web\/wp-json\/wp\/v2\/media?parent=26201"}],"wp:term":[{"taxonomy":"category","embeddable":true,"href":"https:\/\/bisbalpenedes.com\/web\/wp-json\/wp\/v2\/categories?post=26201"},{"taxonomy":"post_tag","embeddable":true,"href":"https:\/\/bisbalpenedes.com\/web\/wp-json\/wp\/v2\/tags?post=26201"}],"curies":[{"name":"wp","href":"https:\/\/api.w.org\/{rel}","templated":true}]}}