{"id":26198,"date":"2023-07-03T20:06:37","date_gmt":"2023-07-03T18:06:37","guid":{"rendered":"https:\/\/bisbalpenedes.com\/web\/?p=26198"},"modified":"2023-07-03T20:06:37","modified_gmt":"2023-07-03T18:06:37","slug":"sha-convocat-un-ple-extraordinari-per-al-dijous-6-de-juliol-a-les-9h","status":"publish","type":"post","link":"https:\/\/bisbalpenedes.com\/web\/2023\/07\/03\/sha-convocat-un-ple-extraordinari-per-al-dijous-6-de-juliol-a-les-9h\/","title":{"rendered":"<strong>S&#8217;ha convocat un Ple extraordinari per al dijous 6 de juliol a les 9h<\/strong>"},"content":{"rendered":"\n<p>El proper dijous 6 de juliol, a les 9h, se celebrar\u00e0 un Ple extraordinari a l&#8217;Ajuntament de la Bisbal del Pened\u00e8s amb els seg\u00fcents punts a l&#8217;ordre del dia:<\/p>\n\n\n\n<p><strong><u>Part resolutiva:<\/u><\/strong><\/p>\n\n\n\n<p>1.Creaci\u00f3 i composici\u00f3 de la Comissi\u00f3 Especial de Comptes<\/p>\n\n\n\n<p>2.Delegaci\u00f3 de compet\u00e8ncies del Ple a la Junta de Govern Local<\/p>\n\n\n\n<p>3.Nomenament dels representants de la Corporaci\u00f3 en \u00f2rgans col\u00b7legiats i altres organismes dels que forma part l\u2019Ajuntament<\/p>\n\n\n\n<p>4.R\u00e8gim de dedicacions, retribucions i indemnitzacions dels c\u00e0rrecs p\u00fablics<\/p>\n\n\n\n<p>5.Festes locals 2024<\/p>\n\n\n\n<p><strong><u>Activitat de control:<\/u><\/strong><\/p>\n\n\n\n<p>6.Donar compte del nomenament dels membres de la Junta de Govern Local<\/p>\n\n\n\n<p>7.Donar compte de la delegaci\u00f3 de compet\u00e8ncies d\u2019alcaldia a la Junta de Govern Local<\/p>\n\n\n\n<hr class=\"wp-block-separator has-alpha-channel-opacity\"\/>\n\n\n\n<p><strong>CASTELLANO |\u00a0<\/strong>El pr\u00f3ximo jueves 6 de julio, a las 9h, se celebrar\u00e1 un Pleno extraordinario en el Ayuntamiento de la Bisbal del Pened\u00e8s con los siguientes puntos en el orden del d\u00eda:<\/p>\n\n\n\n<p><strong><span style=\"text-decoration: underline;\">Parte resolutiva:<\/span><\/strong><\/p>\n\n\n\n<p>1.Creaci\u00f3n y composici\u00f3n de la Comisi\u00f3n Especial de Cuentas<\/p>\n\n\n\n<p>2.Delegaci\u00f3n de competencias del Pleno a la Junta de Gobierno Local<\/p>\n\n\n\n<p>3.Nombramiento de los representantes de la Corporaci\u00f3n en \u00f3rganos colegiados y otros organismos de los que forma parte el Ayuntamiento<\/p>\n\n\n\n<p>4.R\u00e9gimen de dedicaciones, retribuciones e indemnizaciones de los cargos p\u00fablicos<\/p>\n\n\n\n<p>5.Fiestas locales 2024<\/p>\n\n\n\n<p><strong><span style=\"text-decoration: underline;\">Actividad de control:<\/span><\/strong><\/p>\n\n\n\n<p>6.Dar cuenta del nombramiento de los miembros de la Junta de Gobierno Local<\/p>\n\n\n\n<p>7.Dar cuenta de la delegaci\u00f3n de competencias de alcald\u00eda a la Junta de Gobierno Local<\/p>\n","protected":false},"excerpt":{"rendered":"<p>El proper dijous 6 de juliol, a les 9h, se celebrar\u00e0 un Ple extraordinari a l&#8217;Ajuntament de la Bisbal del Pened\u00e8s amb els seg\u00fcents punts a l&#8217;ordre del dia: Part &hellip; <a href=\"https:\/\/bisbalpenedes.com\/web\/2023\/07\/03\/sha-convocat-un-ple-extraordinari-per-al-dijous-6-de-juliol-a-les-9h\/\" class=\"more-link\">Read More<\/a><\/p>\n","protected":false},"author":4,"featured_media":20647,"comment_status":"closed","ping_status":"closed","sticky":false,"template":"","format":"standard","meta":[],"categories":[8,2250],"tags":[459,3941,5011,6084,2320,777,393,3270,423,2686],"_links":{"self":[{"href":"https:\/\/bisbalpenedes.com\/web\/wp-json\/wp\/v2\/posts\/26198"}],"collection":[{"href":"https:\/\/bisbalpenedes.com\/web\/wp-json\/wp\/v2\/posts"}],"about":[{"href":"https:\/\/bisbalpenedes.com\/web\/wp-json\/wp\/v2\/types\/post"}],"author":[{"embeddable":true,"href":"https:\/\/bisbalpenedes.com\/web\/wp-json\/wp\/v2\/users\/4"}],"replies":[{"embeddable":true,"href":"https:\/\/bisbalpenedes.com\/web\/wp-json\/wp\/v2\/comments?post=26198"}],"version-history":[{"count":1,"href":"https:\/\/bisbalpenedes.com\/web\/wp-json\/wp\/v2\/posts\/26198\/revisions"}],"predecessor-version":[{"id":26199,"href":"https:\/\/bisbalpenedes.com\/web\/wp-json\/wp\/v2\/posts\/26198\/revisions\/26199"}],"wp:featuredmedia":[{"embeddable":true,"href":"https:\/\/bisbalpenedes.com\/web\/wp-json\/wp\/v2\/media\/20647"}],"wp:attachment":[{"href":"https:\/\/bisbalpenedes.com\/web\/wp-json\/wp\/v2\/media?parent=26198"}],"wp:term":[{"taxonomy":"category","embeddable":true,"href":"https:\/\/bisbalpenedes.com\/web\/wp-json\/wp\/v2\/categories?post=26198"},{"taxonomy":"post_tag","embeddable":true,"href":"https:\/\/bisbalpenedes.com\/web\/wp-json\/wp\/v2\/tags?post=26198"}],"curies":[{"name":"wp","href":"https:\/\/api.w.org\/{rel}","templated":true}]}}