{"id":2617,"date":"2017-06-15T21:52:12","date_gmt":"2017-06-15T15:52:12","guid":{"rendered":"http:\/\/bisbalpenedes.com\/web\/?p=2617"},"modified":"2017-06-22T00:37:21","modified_gmt":"2017-06-21T18:37:21","slug":"el-24-de-juny-obre-la-piscina-municipal-de-la-bisbal-del-penedes","status":"publish","type":"post","link":"https:\/\/bisbalpenedes.com\/web\/2017\/06\/15\/el-24-de-juny-obre-la-piscina-municipal-de-la-bisbal-del-penedes\/","title":{"rendered":"El 24 de juny obre la piscina municipal de La Bisbal del Pened\u00e8s"},"content":{"rendered":"<p>&nbsp;<\/p>\n<p><a href=\"http:\/\/bisbalpenedes.com\/web\/wp-content\/uploads\/2017\/06\/PISCINA_FLYER_2017_A.jpg\"><img loading=\"lazy\" class=\"aligncenter size-medium wp-image-2618\" title=\"Piscina 2017\" src=\"http:\/\/bisbalpenedes.com\/web\/wp-content\/uploads\/2017\/06\/PISCINA_FLYER_2017_A-199x300.jpg\" alt=\"\" width=\"199\" height=\"300\" srcset=\"https:\/\/bisbalpenedes.com\/web\/wp-content\/uploads\/2017\/06\/PISCINA_FLYER_2017_A-199x300.jpg 199w, https:\/\/bisbalpenedes.com\/web\/wp-content\/uploads\/2017\/06\/PISCINA_FLYER_2017_A-600x901.jpg 600w, https:\/\/bisbalpenedes.com\/web\/wp-content\/uploads\/2017\/06\/PISCINA_FLYER_2017_A-681x1024.jpg 681w, https:\/\/bisbalpenedes.com\/web\/wp-content\/uploads\/2017\/06\/PISCINA_FLYER_2017_A.jpg 1000w\" sizes=\"(max-width: 199px) 100vw, 199px\" \/><\/a><\/p>\n<p>La Regidoria d&#8217;Esports informa que el 24 de juny s&#8217;obrir\u00e0 la piscina municipal de La Bisbal Del Pened\u00e8s. L&#8217;horari d&#8217;obertura ser\u00e0 d&#8217;11 del mat\u00ed a 8 de la tarda i romandr\u00e0 oberta fins a l&#8217;11 de setembre.<\/p>\n<p><a href=\"http:\/\/bisbalpenedes.com\/web\/wp-content\/uploads\/2017\/06\/DSC00506.jpg\"><img loading=\"lazy\" class=\"aligncenter size-medium wp-image-2660\" title=\"vista piscina panor\u00e0mica\" src=\"http:\/\/bisbalpenedes.com\/web\/wp-content\/uploads\/2017\/06\/DSC00506-300x225.jpg\" alt=\"\" width=\"300\" height=\"225\" srcset=\"https:\/\/bisbalpenedes.com\/web\/wp-content\/uploads\/2017\/06\/DSC00506-300x225.jpg 300w, https:\/\/bisbalpenedes.com\/web\/wp-content\/uploads\/2017\/06\/DSC00506-600x450.jpg 600w, https:\/\/bisbalpenedes.com\/web\/wp-content\/uploads\/2017\/06\/DSC00506-1024x768.jpg 1024w\" sizes=\"(max-width: 300px) 100vw, 300px\" \/><\/a><\/p>\n<p>Els preus d&#8217;acc\u00e9s a la piscina s\u00f3n:<\/p>\n<p style=\"padding-left: 30px;\">-Entrada \u00fanica (a partir de 3 anys): 3\u20ac<\/p>\n<p style=\"padding-left: 30px;\">-Abonament de 10 entrades: 22 \u20ac<\/p>\n<p style=\"padding-left: 30px;\">-Abonament de 30 entrades: 40\u20ac<\/p>\n<p style=\"padding-left: 30px;\">-Abonament de 60 entrades: 60\u20ac<\/p>\n<p>El mateix dissabte 24 de juny comen\u00e7aran les inscripcions als cursets de nataci\u00f3 i aiguagym, que s&#8217;oferiran de dilluns a dijous (les inscripcions es podran fer fins a l&#8217;1 de juliol).<\/p>\n<p>Enguany la piscina comptar\u00e0 amb una rampa i un bany adaptat a persones amb mobilitat redu\u00efda que han tingut un cost de 21.395\u20ac (m\u00e9s IVA).<\/p>\n<p><a href=\"http:\/\/bisbalpenedes.com\/web\/wp-content\/uploads\/2017\/06\/FormatFactoryDSC00517.jpg\"><img loading=\"lazy\" class=\"aligncenter size-medium wp-image-2659\" title=\"rampa piscina\" src=\"http:\/\/bisbalpenedes.com\/web\/wp-content\/uploads\/2017\/06\/FormatFactoryDSC00517-300x225.jpg\" alt=\"\" width=\"300\" height=\"225\" srcset=\"https:\/\/bisbalpenedes.com\/web\/wp-content\/uploads\/2017\/06\/FormatFactoryDSC00517-300x225.jpg 300w, https:\/\/bisbalpenedes.com\/web\/wp-content\/uploads\/2017\/06\/FormatFactoryDSC00517-600x450.jpg 600w, https:\/\/bisbalpenedes.com\/web\/wp-content\/uploads\/2017\/06\/FormatFactoryDSC00517.jpg 640w\" sizes=\"(max-width: 300px) 100vw, 300px\" \/><\/a><\/p>\n<p>Els horaris d&#8217;aquestes activitats seran:<\/p>\n<p>&nbsp;<\/p>\n<p style=\"padding-left: 30px;\">&#8211;<strong>De 15 a 16h<\/strong>\u00a0Aiguagym &#8211; m\u00ednim 10 i m\u00e0xim 25 persones<\/p>\n<p style=\"padding-left: 30px;\"><strong>-De 16 a 17h &#8211;<\/strong>\u00a0Infants de 3 a 6 anys- m\u00ednim 8 i m\u00e0xim 10 infants<\/p>\n<p style=\"padding-left: 30px;\"><strong>-De 17 a 18h<\/strong>\u00a0&#8211; Infants de 7 a 14 anys &#8211; m\u00ednim 10 i m\u00e0xim 12 infants<\/p>\n<p style=\"padding-left: 30px;\">&#8211;<strong>De 18 a 19h<\/strong>\u00a0&#8211; Joves i adults de 15 a 99 anys &#8211; m\u00ednim 10 i m\u00e0xim 12 persones<\/p>\n<p>&nbsp;<\/p>\n<p>ATENCI\u00d3: Durant els primers 10 dies podreu utilitzar els tiquets que us van quedar de l&#8217;any passat.<\/p>\n<p>Per a m\u00e9s informaci\u00f3 podeu adre\u00e7ar-vos a l&#8217;Ajuntament de La Bisbal del Pened\u00e8s, en persona o per tel\u00e8fon, al 977588438.<\/p>\n<p>&nbsp;<\/p>\n","protected":false},"excerpt":{"rendered":"<p>&nbsp; La Regidoria d&#8217;Esports informa que el 24 de juny s&#8217;obrir\u00e0 la piscina municipal de La Bisbal Del Pened\u00e8s. L&#8217;horari d&#8217;obertura ser\u00e0 d&#8217;11 del mat\u00ed a 8 de la tarda &hellip; <a href=\"https:\/\/bisbalpenedes.com\/web\/2017\/06\/15\/el-24-de-juny-obre-la-piscina-municipal-de-la-bisbal-del-penedes\/\" class=\"more-link\">Read More<\/a><\/p>\n","protected":false},"author":4,"featured_media":2660,"comment_status":"closed","ping_status":"closed","sticky":false,"template":"","format":"standard","meta":[],"categories":[19],"tags":[533,535,536,534,538,74,539,537],"_links":{"self":[{"href":"https:\/\/bisbalpenedes.com\/web\/wp-json\/wp\/v2\/posts\/2617"}],"collection":[{"href":"https:\/\/bisbalpenedes.com\/web\/wp-json\/wp\/v2\/posts"}],"about":[{"href":"https:\/\/bisbalpenedes.com\/web\/wp-json\/wp\/v2\/types\/post"}],"author":[{"embeddable":true,"href":"https:\/\/bisbalpenedes.com\/web\/wp-json\/wp\/v2\/users\/4"}],"replies":[{"embeddable":true,"href":"https:\/\/bisbalpenedes.com\/web\/wp-json\/wp\/v2\/comments?post=2617"}],"version-history":[{"count":5,"href":"https:\/\/bisbalpenedes.com\/web\/wp-json\/wp\/v2\/posts\/2617\/revisions"}],"predecessor-version":[{"id":2621,"href":"https:\/\/bisbalpenedes.com\/web\/wp-json\/wp\/v2\/posts\/2617\/revisions\/2621"}],"wp:featuredmedia":[{"embeddable":true,"href":"https:\/\/bisbalpenedes.com\/web\/wp-json\/wp\/v2\/media\/2660"}],"wp:attachment":[{"href":"https:\/\/bisbalpenedes.com\/web\/wp-json\/wp\/v2\/media?parent=2617"}],"wp:term":[{"taxonomy":"category","embeddable":true,"href":"https:\/\/bisbalpenedes.com\/web\/wp-json\/wp\/v2\/categories?post=2617"},{"taxonomy":"post_tag","embeddable":true,"href":"https:\/\/bisbalpenedes.com\/web\/wp-json\/wp\/v2\/tags?post=2617"}],"curies":[{"name":"wp","href":"https:\/\/api.w.org\/{rel}","templated":true}]}}