{"id":26167,"date":"2023-07-03T12:13:49","date_gmt":"2023-07-03T10:13:49","guid":{"rendered":"https:\/\/bisbalpenedes.com\/web\/?p=26167"},"modified":"2023-07-03T12:13:49","modified_gmt":"2023-07-03T10:13:49","slug":"els-dimecres-5-de-juliol-19-de-juliol-2-dagost-16-dagost-i-30-dagost-trobareu-un-punt-informatiu-sobre-recollida-selectiva-a-la-placa-catalunya","status":"publish","type":"post","link":"https:\/\/bisbalpenedes.com\/web\/2023\/07\/03\/els-dimecres-5-de-juliol-19-de-juliol-2-dagost-16-dagost-i-30-dagost-trobareu-un-punt-informatiu-sobre-recollida-selectiva-a-la-placa-catalunya\/","title":{"rendered":"Els dimecres 5 de juliol, 19 de juliol, 2 d\u2019agost, 16 d\u2019agost i 30 d\u2019agost trobareu un punt informatiu sobre recollida selectiva a la pla\u00e7a Catalunya"},"content":{"rendered":"\n<p>ECOBP, l\u2019empresa que gestiona la recollida de residus a la Bisbal del Pened\u00e8s, tira endavant una campanya de foment de la recollida selectiva amb l\u2019objectiu de resoldre tots els dubtes que pugui tenir la ciutadania sobre recollida selectiva.<\/p>\n\n\n\n<p>A la Bisbal del Pened\u00e8s trobareu el punt informatiu ubicat a la pla\u00e7a Catalunya els dimecres 5 de juliol, 19 de juliol, 2 d\u2019agost, 16 d\u2019agost i 30 d\u2019agost, aprofitant que \u00e9s el dia que hi ha mercat setmanal. Si us apropeu al punt d\u2019informaci\u00f3, rebreu un obsequi.<\/p>\n\n\n\n<p>Un residu, un cubell. Fem un esfor\u00e7!<\/p>\n\n\n\n<hr class=\"wp-block-separator has-alpha-channel-opacity\"\/>\n\n\n\n<p>CASTELLANO | ECOBP, la empresa que gestiona la recogida de residuos en la Bisbal del Pened\u00e8s, lleva a cabo una campa\u00f1a de fomento de la recogida selectiva con el objetivo de resolver todas las dudas que pueda tener la ciudadan\u00eda sobre recogida selectiva.<\/p>\n\n\n\n<p>En la Bisbal del Pened\u00e8s encontrar\u00e9is el punto informativo ubicado en la plaza Catalu\u00f1a los mi\u00e9rcoles 5 de julio, 19 de julio, 2 de agosto, 16 de agosto y 30 de agosto, aprovechando que es el d\u00eda que hay mercado semanal. Si os acerc\u00e1is al punto de informaci\u00f3n, recibir\u00e9is un obsequio.<\/p>\n\n\n\n<p>Un residuo, un cubo. \u00a1Hagamos un esfuerzo!<\/p>\n\n\n\n<p><\/p>\n","protected":false},"excerpt":{"rendered":"<p>ECOBP, l\u2019empresa que gestiona la recollida de residus a la Bisbal del Pened\u00e8s, tira endavant una campanya de foment de la recollida selectiva amb l\u2019objectiu de resoldre tots els dubtes &hellip; <a href=\"https:\/\/bisbalpenedes.com\/web\/2023\/07\/03\/els-dimecres-5-de-juliol-19-de-juliol-2-dagost-16-dagost-i-30-dagost-trobareu-un-punt-informatiu-sobre-recollida-selectiva-a-la-placa-catalunya\/\" class=\"more-link\">Read More<\/a><\/p>\n","protected":false},"author":4,"featured_media":26168,"comment_status":"closed","ping_status":"closed","sticky":false,"template":"","format":"standard","meta":[],"categories":[3215,8],"tags":[5415,2733,1131,1479,393,2736,2735,627,628],"_links":{"self":[{"href":"https:\/\/bisbalpenedes.com\/web\/wp-json\/wp\/v2\/posts\/26167"}],"collection":[{"href":"https:\/\/bisbalpenedes.com\/web\/wp-json\/wp\/v2\/posts"}],"about":[{"href":"https:\/\/bisbalpenedes.com\/web\/wp-json\/wp\/v2\/types\/post"}],"author":[{"embeddable":true,"href":"https:\/\/bisbalpenedes.com\/web\/wp-json\/wp\/v2\/users\/4"}],"replies":[{"embeddable":true,"href":"https:\/\/bisbalpenedes.com\/web\/wp-json\/wp\/v2\/comments?post=26167"}],"version-history":[{"count":1,"href":"https:\/\/bisbalpenedes.com\/web\/wp-json\/wp\/v2\/posts\/26167\/revisions"}],"predecessor-version":[{"id":26169,"href":"https:\/\/bisbalpenedes.com\/web\/wp-json\/wp\/v2\/posts\/26167\/revisions\/26169"}],"wp:featuredmedia":[{"embeddable":true,"href":"https:\/\/bisbalpenedes.com\/web\/wp-json\/wp\/v2\/media\/26168"}],"wp:attachment":[{"href":"https:\/\/bisbalpenedes.com\/web\/wp-json\/wp\/v2\/media?parent=26167"}],"wp:term":[{"taxonomy":"category","embeddable":true,"href":"https:\/\/bisbalpenedes.com\/web\/wp-json\/wp\/v2\/categories?post=26167"},{"taxonomy":"post_tag","embeddable":true,"href":"https:\/\/bisbalpenedes.com\/web\/wp-json\/wp\/v2\/tags?post=26167"}],"curies":[{"name":"wp","href":"https:\/\/api.w.org\/{rel}","templated":true}]}}