{"id":26144,"date":"2023-07-03T10:21:36","date_gmt":"2023-07-03T08:21:36","guid":{"rendered":"https:\/\/bisbalpenedes.com\/web\/?p=26144"},"modified":"2023-07-03T10:24:09","modified_gmt":"2023-07-03T08:24:09","slug":"venda-dentrades-per-al-concert-de-els-pets-del-divendres-7-de-juliol-a-les-23h","status":"publish","type":"post","link":"https:\/\/bisbalpenedes.com\/web\/2023\/07\/03\/venda-dentrades-per-al-concert-de-els-pets-del-divendres-7-de-juliol-a-les-23h\/","title":{"rendered":"Venda d&#8217;entrades per al concert de Els Pets del divendres 7 de juliol a les 23h"},"content":{"rendered":"\n<p>Aquest divendres ens espera un gran concert a la Bisbal del Pened\u00e8s!<\/p>\n\n\n\n<p>Veniu a celebrar el centenari de l&#8217;escola vella amb la m\u00fasica, en directe, de <a href=\"https:\/\/www.facebook.com\/ElsPets?__cft__[0]=AZUl1tkFt--p9V1qQuC-UjQxOVqOuL5xSNN7JWuBu_4RGnjbF4q5wXoEQIpwzXoVCE7AU-91UQtawqJkUr8t5SlbbuPkUBTUgcsLK9Ickfbbq07ed7y9odSatrA3iG5WujnxREMHoGeqIqX1lVP2TU2C8VMxpz0Oh8uznUMm1PqufFBiLXuA7ZHJAnW17iy2-5o&amp;__tn__=-]K-R\">Els Pets<\/a>!<\/p>\n\n\n\n<p>Venda d&#8217;entrades: dimecres i dijous de 19h a 22h a l&#8217;Ajuntament de la Bisbal del Pened\u00e8s: 7\u20ac ve\u00efns de la Bisbal del Pened\u00e8s i 12\u20ac l&#8217;entrada general<\/p>\n\n\n\n<p>I recordeu, el dissabte 8 de juliol, a les 22h, podreu gaudir del documental &#8220;Veus del Vent&#8221; del bisbalenc Carles Castell\u00f3 al pati de l&#8217;escola Vella.<\/p>\n\n\n\n<hr class=\"wp-block-separator has-alpha-channel-opacity\"\/>\n\n\n\n<p>\u00a1Este viernes nos espera un gran concierto en al Bisbal del Pened\u00e8s!<\/p>\n\n\n\n<p>\u00a1Venid a celebrar el centenario de la escuela vieja con la m\u00fasica, en directo, de Els Pets!<\/p>\n\n\n\n<p>Venta de entradas: mi\u00e9rcoles y jueves de 19h a 22h en el Ayuntamiento de la Bisbal del Pened\u00e8s: 7\u20ac vecinos de la Bisbal del Pened\u00e8s y 12\u20ac la entrada general.<\/p>\n\n\n\n<p>Y recordad, el s\u00e1bado 8 de julio, a las 22h, podr\u00e9is disfrutar del documental &#8220;Veus del Vent&#8221; del bisbalenc Carles Castell\u00f3 en el patio de la escuela Vieja.<\/p>\n\n\n\n<figure class=\"wp-block-image size-large\"><img loading=\"lazy\" width=\"1024\" height=\"1024\" src=\"https:\/\/bisbalpenedes.com\/web\/wp-content\/uploads\/2023\/07\/ELS-PETS-LA-BISBAL-ENTRADES-1024x1024.png\" alt=\"\" class=\"wp-image-26145\" srcset=\"https:\/\/bisbalpenedes.com\/web\/wp-content\/uploads\/2023\/07\/ELS-PETS-LA-BISBAL-ENTRADES-1024x1024.png 1024w, https:\/\/bisbalpenedes.com\/web\/wp-content\/uploads\/2023\/07\/ELS-PETS-LA-BISBAL-ENTRADES-300x300.png 300w, https:\/\/bisbalpenedes.com\/web\/wp-content\/uploads\/2023\/07\/ELS-PETS-LA-BISBAL-ENTRADES-150x150.png 150w, https:\/\/bisbalpenedes.com\/web\/wp-content\/uploads\/2023\/07\/ELS-PETS-LA-BISBAL-ENTRADES-768x768.png 768w, https:\/\/bisbalpenedes.com\/web\/wp-content\/uploads\/2023\/07\/ELS-PETS-LA-BISBAL-ENTRADES-600x600.png 600w, https:\/\/bisbalpenedes.com\/web\/wp-content\/uploads\/2023\/07\/ELS-PETS-LA-BISBAL-ENTRADES-100x100.png 100w, https:\/\/bisbalpenedes.com\/web\/wp-content\/uploads\/2023\/07\/ELS-PETS-LA-BISBAL-ENTRADES.png 1485w\" sizes=\"(max-width: 1024px) 100vw, 1024px\" \/><\/figure>\n","protected":false},"excerpt":{"rendered":"<p>Aquest divendres ens espera un gran concert a la Bisbal del Pened\u00e8s! Veniu a celebrar el centenari de l&#8217;escola vella amb la m\u00fasica, en directe, de Els Pets! Venda d&#8217;entrades: &hellip; <a href=\"https:\/\/bisbalpenedes.com\/web\/2023\/07\/03\/venda-dentrades-per-al-concert-de-els-pets-del-divendres-7-de-juliol-a-les-23h\/\" class=\"more-link\">Read More<\/a><\/p>\n","protected":false},"author":4,"featured_media":26147,"comment_status":"closed","ping_status":"closed","sticky":false,"template":"","format":"standard","meta":[],"categories":[2942,13,16,8],"tags":[459,593,65,337,393,222],"_links":{"self":[{"href":"https:\/\/bisbalpenedes.com\/web\/wp-json\/wp\/v2\/posts\/26144"}],"collection":[{"href":"https:\/\/bisbalpenedes.com\/web\/wp-json\/wp\/v2\/posts"}],"about":[{"href":"https:\/\/bisbalpenedes.com\/web\/wp-json\/wp\/v2\/types\/post"}],"author":[{"embeddable":true,"href":"https:\/\/bisbalpenedes.com\/web\/wp-json\/wp\/v2\/users\/4"}],"replies":[{"embeddable":true,"href":"https:\/\/bisbalpenedes.com\/web\/wp-json\/wp\/v2\/comments?post=26144"}],"version-history":[{"count":2,"href":"https:\/\/bisbalpenedes.com\/web\/wp-json\/wp\/v2\/posts\/26144\/revisions"}],"predecessor-version":[{"id":26148,"href":"https:\/\/bisbalpenedes.com\/web\/wp-json\/wp\/v2\/posts\/26144\/revisions\/26148"}],"wp:featuredmedia":[{"embeddable":true,"href":"https:\/\/bisbalpenedes.com\/web\/wp-json\/wp\/v2\/media\/26147"}],"wp:attachment":[{"href":"https:\/\/bisbalpenedes.com\/web\/wp-json\/wp\/v2\/media?parent=26144"}],"wp:term":[{"taxonomy":"category","embeddable":true,"href":"https:\/\/bisbalpenedes.com\/web\/wp-json\/wp\/v2\/categories?post=26144"},{"taxonomy":"post_tag","embeddable":true,"href":"https:\/\/bisbalpenedes.com\/web\/wp-json\/wp\/v2\/tags?post=26144"}],"curies":[{"name":"wp","href":"https:\/\/api.w.org\/{rel}","templated":true}]}}