{"id":26127,"date":"2023-06-30T12:33:03","date_gmt":"2023-06-30T10:33:03","guid":{"rendered":"https:\/\/bisbalpenedes.com\/web\/?p=26127"},"modified":"2023-06-30T13:08:07","modified_gmt":"2023-06-30T11:08:07","slug":"aquest-diumenge-podrem-gaudir-de-la-tradicional-cantada-dhavaneres-a-lortigos","status":"publish","type":"post","link":"https:\/\/bisbalpenedes.com\/web\/2023\/06\/30\/aquest-diumenge-podrem-gaudir-de-la-tradicional-cantada-dhavaneres-a-lortigos\/","title":{"rendered":"Aquest diumenge podrem gaudir de la tradicional cantada d&#8217;havaneres a l&#8217;Ortig\u00f3s"},"content":{"rendered":"\n<p> Un any m\u00e9s podrem gaudir de la cantada d&#8217;havaneres a l&#8217;Ortig\u00f3s.<\/p>\n\n\n\n<p>Us esperem a tots i a totes aquest diumenge 2 de juliol, a les 20h, al davant del Mas de sol.<\/p>\n\n\n\n<hr class=\"wp-block-separator has-alpha-channel-opacity\"\/>\n\n\n\n<p>Un a\u00f1o m\u00e1s podremos disfrutar de la cantada de habaneras en el Ortig\u00f3s.<\/p>\n\n\n\n<p>Os esperamos a todos y a todas este domingo 2 de julio, a las 20h, delante del Mas del sol.<\/p>\n\n\n\n<p><\/p>\n\n\n\n<figure class=\"wp-block-image size-large\"><img loading=\"lazy\" width=\"724\" height=\"1024\" src=\"https:\/\/bisbalpenedes.com\/web\/wp-content\/uploads\/2023\/06\/WhatsApp-Image-2023-06-30-at-11.26.17-1-724x1024.jpeg\" alt=\"\" class=\"wp-image-26130\" srcset=\"https:\/\/bisbalpenedes.com\/web\/wp-content\/uploads\/2023\/06\/WhatsApp-Image-2023-06-30-at-11.26.17-1-724x1024.jpeg 724w, https:\/\/bisbalpenedes.com\/web\/wp-content\/uploads\/2023\/06\/WhatsApp-Image-2023-06-30-at-11.26.17-1-212x300.jpeg 212w, https:\/\/bisbalpenedes.com\/web\/wp-content\/uploads\/2023\/06\/WhatsApp-Image-2023-06-30-at-11.26.17-1-768x1086.jpeg 768w, https:\/\/bisbalpenedes.com\/web\/wp-content\/uploads\/2023\/06\/WhatsApp-Image-2023-06-30-at-11.26.17-1-1086x1536.jpeg 1086w, https:\/\/bisbalpenedes.com\/web\/wp-content\/uploads\/2023\/06\/WhatsApp-Image-2023-06-30-at-11.26.17-1-600x849.jpeg 600w, https:\/\/bisbalpenedes.com\/web\/wp-content\/uploads\/2023\/06\/WhatsApp-Image-2023-06-30-at-11.26.17-1.jpeg 1448w\" sizes=\"(max-width: 724px) 100vw, 724px\" \/><\/figure>\n","protected":false},"excerpt":{"rendered":"<p>Un any m\u00e9s podrem gaudir de la cantada d&#8217;havaneres a l&#8217;Ortig\u00f3s. Us esperem a tots i a totes aquest diumenge 2 de juliol, a les 20h, al davant del Mas &hellip; <a href=\"https:\/\/bisbalpenedes.com\/web\/2023\/06\/30\/aquest-diumenge-podrem-gaudir-de-la-tradicional-cantada-dhavaneres-a-lortigos\/\" class=\"more-link\">Read More<\/a><\/p>\n","protected":false},"author":4,"featured_media":26128,"comment_status":"closed","ping_status":"closed","sticky":false,"template":"","format":"standard","meta":[],"categories":[2942,13,4668,8],"tags":[459,393,137,1374],"_links":{"self":[{"href":"https:\/\/bisbalpenedes.com\/web\/wp-json\/wp\/v2\/posts\/26127"}],"collection":[{"href":"https:\/\/bisbalpenedes.com\/web\/wp-json\/wp\/v2\/posts"}],"about":[{"href":"https:\/\/bisbalpenedes.com\/web\/wp-json\/wp\/v2\/types\/post"}],"author":[{"embeddable":true,"href":"https:\/\/bisbalpenedes.com\/web\/wp-json\/wp\/v2\/users\/4"}],"replies":[{"embeddable":true,"href":"https:\/\/bisbalpenedes.com\/web\/wp-json\/wp\/v2\/comments?post=26127"}],"version-history":[{"count":4,"href":"https:\/\/bisbalpenedes.com\/web\/wp-json\/wp\/v2\/posts\/26127\/revisions"}],"predecessor-version":[{"id":26133,"href":"https:\/\/bisbalpenedes.com\/web\/wp-json\/wp\/v2\/posts\/26127\/revisions\/26133"}],"wp:featuredmedia":[{"embeddable":true,"href":"https:\/\/bisbalpenedes.com\/web\/wp-json\/wp\/v2\/media\/26128"}],"wp:attachment":[{"href":"https:\/\/bisbalpenedes.com\/web\/wp-json\/wp\/v2\/media?parent=26127"}],"wp:term":[{"taxonomy":"category","embeddable":true,"href":"https:\/\/bisbalpenedes.com\/web\/wp-json\/wp\/v2\/categories?post=26127"},{"taxonomy":"post_tag","embeddable":true,"href":"https:\/\/bisbalpenedes.com\/web\/wp-json\/wp\/v2\/tags?post=26127"}],"curies":[{"name":"wp","href":"https:\/\/api.w.org\/{rel}","templated":true}]}}