{"id":26111,"date":"2023-06-27T11:34:13","date_gmt":"2023-06-27T09:34:13","guid":{"rendered":"https:\/\/bisbalpenedes.com\/web\/?p=26111"},"modified":"2023-06-27T11:34:13","modified_gmt":"2023-06-27T09:34:13","slug":"entrevista-al-bisbalenc-ramon-rovira-guasch-sobre-la-sequera","status":"publish","type":"post","link":"https:\/\/bisbalpenedes.com\/web\/2023\/06\/27\/entrevista-al-bisbalenc-ramon-rovira-guasch-sobre-la-sequera\/","title":{"rendered":"Entrevista al bisbalenc Ramon Rovira Guasch sobre la sequera"},"content":{"rendered":"\n<p>En la darrera edici\u00f3 de la revista &#8216;Torre de Guaita&#8217; heu pogut llegir una entrevista al bisbalenc Ramon Rovira Guasch sobre la sequera. Aqu\u00ed teniu una versi\u00f3 m\u00e9s \u00e0mplia de la conversa que vam mantenir amb ell. Esperem que gaudiu d&#8217;una lectura profitosa.<\/p>\n\n\n\n<hr class=\"wp-block-separator has-alpha-channel-opacity\"\/>\n\n\n\n<p>En la \u00faltima edici\u00f3n de la revista &#8216;Torre de Guaita&#8217; hab\u00e9is podido leer una entrevista a bisbalenc Ramon Rovira Guasch sobre la sequ\u00eda. Aqu\u00ed ten\u00e9is una versi\u00f3n m\u00e1s amplia de la conversaci\u00f3n que mantuvimos con \u00e9l. Esperamos que disfrut\u00e9is de una lectura provechosa.<\/p>\n\n\n\n<figure class=\"wp-block-image size-large\"><img loading=\"lazy\" width=\"724\" height=\"1024\" src=\"https:\/\/bisbalpenedes.com\/web\/wp-content\/uploads\/2023\/06\/1-1-724x1024.png\" alt=\"\" class=\"wp-image-26113\" srcset=\"https:\/\/bisbalpenedes.com\/web\/wp-content\/uploads\/2023\/06\/1-1-724x1024.png 724w, https:\/\/bisbalpenedes.com\/web\/wp-content\/uploads\/2023\/06\/1-1-212x300.png 212w, https:\/\/bisbalpenedes.com\/web\/wp-content\/uploads\/2023\/06\/1-1-768x1086.png 768w, https:\/\/bisbalpenedes.com\/web\/wp-content\/uploads\/2023\/06\/1-1-1086x1536.png 1086w, https:\/\/bisbalpenedes.com\/web\/wp-content\/uploads\/2023\/06\/1-1-1448x2048.png 1448w, https:\/\/bisbalpenedes.com\/web\/wp-content\/uploads\/2023\/06\/1-1-600x849.png 600w, https:\/\/bisbalpenedes.com\/web\/wp-content\/uploads\/2023\/06\/1-1.png 1944w\" sizes=\"(max-width: 724px) 100vw, 724px\" \/><\/figure>\n\n\n\n<figure class=\"wp-block-image size-large\"><img loading=\"lazy\" width=\"724\" height=\"1024\" src=\"https:\/\/bisbalpenedes.com\/web\/wp-content\/uploads\/2023\/06\/2-1-724x1024.png\" alt=\"\" class=\"wp-image-26114\" srcset=\"https:\/\/bisbalpenedes.com\/web\/wp-content\/uploads\/2023\/06\/2-1-724x1024.png 724w, https:\/\/bisbalpenedes.com\/web\/wp-content\/uploads\/2023\/06\/2-1-212x300.png 212w, https:\/\/bisbalpenedes.com\/web\/wp-content\/uploads\/2023\/06\/2-1-768x1086.png 768w, https:\/\/bisbalpenedes.com\/web\/wp-content\/uploads\/2023\/06\/2-1-1086x1536.png 1086w, https:\/\/bisbalpenedes.com\/web\/wp-content\/uploads\/2023\/06\/2-1-1448x2048.png 1448w, https:\/\/bisbalpenedes.com\/web\/wp-content\/uploads\/2023\/06\/2-1-600x849.png 600w, https:\/\/bisbalpenedes.com\/web\/wp-content\/uploads\/2023\/06\/2-1.png 1944w\" sizes=\"(max-width: 724px) 100vw, 724px\" \/><\/figure>\n\n\n\n<figure class=\"wp-block-image size-large\"><img loading=\"lazy\" width=\"724\" height=\"1024\" src=\"https:\/\/bisbalpenedes.com\/web\/wp-content\/uploads\/2023\/06\/3-1-724x1024.png\" alt=\"\" class=\"wp-image-26115\" srcset=\"https:\/\/bisbalpenedes.com\/web\/wp-content\/uploads\/2023\/06\/3-1-724x1024.png 724w, https:\/\/bisbalpenedes.com\/web\/wp-content\/uploads\/2023\/06\/3-1-212x300.png 212w, https:\/\/bisbalpenedes.com\/web\/wp-content\/uploads\/2023\/06\/3-1-768x1086.png 768w, https:\/\/bisbalpenedes.com\/web\/wp-content\/uploads\/2023\/06\/3-1-1086x1536.png 1086w, https:\/\/bisbalpenedes.com\/web\/wp-content\/uploads\/2023\/06\/3-1-1448x2048.png 1448w, https:\/\/bisbalpenedes.com\/web\/wp-content\/uploads\/2023\/06\/3-1-600x849.png 600w, https:\/\/bisbalpenedes.com\/web\/wp-content\/uploads\/2023\/06\/3-1.png 1944w\" sizes=\"(max-width: 724px) 100vw, 724px\" \/><\/figure>\n","protected":false},"excerpt":{"rendered":"<p>En la darrera edici\u00f3 de la revista &#8216;Torre de Guaita&#8217; heu pogut llegir una entrevista al bisbalenc Ramon Rovira Guasch sobre la sequera. Aqu\u00ed teniu una versi\u00f3 m\u00e9s \u00e0mplia de &hellip; <a href=\"https:\/\/bisbalpenedes.com\/web\/2023\/06\/27\/entrevista-al-bisbalenc-ramon-rovira-guasch-sobre-la-sequera\/\" class=\"more-link\">Read More<\/a><\/p>\n","protected":false},"author":4,"featured_media":26112,"comment_status":"closed","ping_status":"closed","sticky":false,"template":"","format":"standard","meta":[],"categories":[2370,8],"tags":[459,295,393,886,3022,5934],"_links":{"self":[{"href":"https:\/\/bisbalpenedes.com\/web\/wp-json\/wp\/v2\/posts\/26111"}],"collection":[{"href":"https:\/\/bisbalpenedes.com\/web\/wp-json\/wp\/v2\/posts"}],"about":[{"href":"https:\/\/bisbalpenedes.com\/web\/wp-json\/wp\/v2\/types\/post"}],"author":[{"embeddable":true,"href":"https:\/\/bisbalpenedes.com\/web\/wp-json\/wp\/v2\/users\/4"}],"replies":[{"embeddable":true,"href":"https:\/\/bisbalpenedes.com\/web\/wp-json\/wp\/v2\/comments?post=26111"}],"version-history":[{"count":1,"href":"https:\/\/bisbalpenedes.com\/web\/wp-json\/wp\/v2\/posts\/26111\/revisions"}],"predecessor-version":[{"id":26116,"href":"https:\/\/bisbalpenedes.com\/web\/wp-json\/wp\/v2\/posts\/26111\/revisions\/26116"}],"wp:featuredmedia":[{"embeddable":true,"href":"https:\/\/bisbalpenedes.com\/web\/wp-json\/wp\/v2\/media\/26112"}],"wp:attachment":[{"href":"https:\/\/bisbalpenedes.com\/web\/wp-json\/wp\/v2\/media?parent=26111"}],"wp:term":[{"taxonomy":"category","embeddable":true,"href":"https:\/\/bisbalpenedes.com\/web\/wp-json\/wp\/v2\/categories?post=26111"},{"taxonomy":"post_tag","embeddable":true,"href":"https:\/\/bisbalpenedes.com\/web\/wp-json\/wp\/v2\/tags?post=26111"}],"curies":[{"name":"wp","href":"https:\/\/api.w.org\/{rel}","templated":true}]}}