{"id":26108,"date":"2023-06-27T10:57:23","date_gmt":"2023-06-27T08:57:23","guid":{"rendered":"https:\/\/bisbalpenedes.com\/web\/?p=26108"},"modified":"2023-06-27T10:57:23","modified_gmt":"2023-06-27T08:57:23","slug":"sha-publicat-la-relacio-definitiva-dadmesos-i-exclosos-en-el-proces-selectiu-duna-placa-dinspector-a-per-concurs-de-merits","status":"publish","type":"post","link":"https:\/\/bisbalpenedes.com\/web\/2023\/06\/27\/sha-publicat-la-relacio-definitiva-dadmesos-i-exclosos-en-el-proces-selectiu-duna-placa-dinspector-a-per-concurs-de-merits\/","title":{"rendered":"<strong>S\u2019ha publicat la relaci\u00f3 definitiva d\u2019admesos i exclosos en el proc\u00e9s selectiu d\u2019una pla\u00e7a d\u2019inspector\/a per concurs de m\u00e8rits<\/strong>"},"content":{"rendered":"\n<p>S\u2019ha publicat la relaci\u00f3 definitiva d\u2019admesos i exclosos en el proc\u00e9s selectiu d\u2019una pla\u00e7a d\u2019inspector\/a per concurs de m\u00e8rits i s\u2019han fixat les dates per a les proves.<\/p>\n\n\n\n<p>En total, s\u2019hi van presentar 13 persones.<\/p>\n\n\n\n<ul><li>5 candidats van quedar admesos provisionalment<\/li><\/ul>\n\n\n\n<ul><li>8 persones van quedar excloses provisionalment per no presentar la documentaci\u00f3 necess\u00e0ria per avaluar els requisits i m\u00e8rits de les places. D\u2019aquests, cinc van presentar la documentaci\u00f3 necess\u00e0ria i, per tant, tres van quedar exclosos.<\/li><\/ul>\n\n\n\n<p>De les 10 persones admeses definitivament, quatre han de fer les proves de catal\u00e0, que es faran el divendres 7 de juliol, a les 9h, al Centre Municipal de Cultura.<\/p>\n\n\n\n<p>Podeu consultar la relaci\u00f3 que va sortir publicada el 19 de juny al BOPT, aqu\u00ed: <a href=\"https:\/\/www.diputaciodetarragona.cat\/ebop\/index.php?op=anunci&amp;id=5785&amp;ebop_any=2023\">https:\/\/www.diputaciodetarragona.cat\/ebop\/index.php?op=anunci&amp;id=5785&amp;ebop_any=2023<\/a><\/p>\n\n\n\n<p>En aquest altre enlla\u00e7 podeu consultar la data de les proves de catal\u00e0, publicada al BOPT avui dimarts 27 de juny: <a href=\"https:\/\/www.diputaciodetarragona.cat\/ebop\/index.php?op=dwn&amp;tipus=i&amp;data=20230627&amp;anyp=2023&amp;num=05367&amp;v=i\">https:\/\/www.diputaciodetarragona.cat\/ebop\/index.php?op=dwn&amp;tipus=i&amp;data=20230627&amp;anyp=2023&amp;num=05367&amp;v=i<\/a><\/p>\n\n\n\n<hr class=\"wp-block-separator has-alpha-channel-opacity\"\/>\n\n\n\n<p><strong>CASTELLANO |<\/strong> Se ha publicado la relaci\u00f3n definitiva de admitidos y excluidos en el proceso selectivo de una plaza de inspector\/a por concurso de m\u00e9ritos y se han fijado las fechas de las pruebas.<\/p>\n\n\n\n<p>En total, se presentaron 13 personas:<\/p>\n\n\n\n<ul><li>5 candidatos quedaron admitidos provisionalmente<\/li><li>8 personas quedaron excluidas provisionalmente por no presentar la documentaci\u00f3n necesaria para evaluar los requisitos y m\u00e9ritos de las plazas. De estos, cinco presentaron la documentaci\u00f3n necesaria y, por tanto, tres quedaron excluidos.<\/li><\/ul>\n\n\n\n<p>De las 10 personas admitidas definitivamente, cuatro tienen que hacer las pruebas de catal\u00e1n, que se har\u00e1n el viernes 7 de julio, a las 9h, en el Centre Municipal de Cultura.<br><br>Pod\u00e9is consultar la relaci\u00f3n que sali\u00f3 publicada el 19 de junio en el BOPT, aqu\u00ed: <a href=\"https:\/\/www.diputaciodetarragona.cat\/ebop\/index.php?op=anunci&amp;id=5785&amp;ebop_any=2023\">https:\/\/www.diputaciodetarragona.cat\/ebop\/index.php?op=anunci&amp;id=5785&amp;ebop_any=2023<\/a><\/p>\n\n\n\n<p>En este otro enlace pod\u00e9is consultar la fecha de las pruebas de catal\u00e1n, publicada en el BOPT hoy martes 27 de junio: <a href=\"https:\/\/www.diputaciodetarragona.cat\/ebop\/index.php?op=dwn&amp;tipus=i&amp;data=20230627&amp;anyp=2023&amp;num=05367&amp;v=i\">https:\/\/www.diputaciodetarragona.cat\/ebop\/index.php?op=dwn&amp;tipus=i&amp;data=20230627&amp;anyp=2023&amp;num=05367&amp;v=i<\/a><\/p>\n","protected":false},"excerpt":{"rendered":"<p>S\u2019ha publicat la relaci\u00f3 definitiva d\u2019admesos i exclosos en el proc\u00e9s selectiu d\u2019una pla\u00e7a d\u2019inspector\/a per concurs de m\u00e8rits i s\u2019han fixat les dates per a les proves. En total, &hellip; <a href=\"https:\/\/bisbalpenedes.com\/web\/2023\/06\/27\/sha-publicat-la-relacio-definitiva-dadmesos-i-exclosos-en-el-proces-selectiu-duna-placa-dinspector-a-per-concurs-de-merits\/\" class=\"more-link\">Read More<\/a><\/p>\n","protected":false},"author":4,"featured_media":26109,"comment_status":"closed","ping_status":"closed","sticky":false,"template":"","format":"standard","meta":[],"categories":[2402,8],"tags":[459,5699,5700,393,5372,2233],"_links":{"self":[{"href":"https:\/\/bisbalpenedes.com\/web\/wp-json\/wp\/v2\/posts\/26108"}],"collection":[{"href":"https:\/\/bisbalpenedes.com\/web\/wp-json\/wp\/v2\/posts"}],"about":[{"href":"https:\/\/bisbalpenedes.com\/web\/wp-json\/wp\/v2\/types\/post"}],"author":[{"embeddable":true,"href":"https:\/\/bisbalpenedes.com\/web\/wp-json\/wp\/v2\/users\/4"}],"replies":[{"embeddable":true,"href":"https:\/\/bisbalpenedes.com\/web\/wp-json\/wp\/v2\/comments?post=26108"}],"version-history":[{"count":1,"href":"https:\/\/bisbalpenedes.com\/web\/wp-json\/wp\/v2\/posts\/26108\/revisions"}],"predecessor-version":[{"id":26110,"href":"https:\/\/bisbalpenedes.com\/web\/wp-json\/wp\/v2\/posts\/26108\/revisions\/26110"}],"wp:featuredmedia":[{"embeddable":true,"href":"https:\/\/bisbalpenedes.com\/web\/wp-json\/wp\/v2\/media\/26109"}],"wp:attachment":[{"href":"https:\/\/bisbalpenedes.com\/web\/wp-json\/wp\/v2\/media?parent=26108"}],"wp:term":[{"taxonomy":"category","embeddable":true,"href":"https:\/\/bisbalpenedes.com\/web\/wp-json\/wp\/v2\/categories?post=26108"},{"taxonomy":"post_tag","embeddable":true,"href":"https:\/\/bisbalpenedes.com\/web\/wp-json\/wp\/v2\/tags?post=26108"}],"curies":[{"name":"wp","href":"https:\/\/api.w.org\/{rel}","templated":true}]}}