{"id":26097,"date":"2023-06-23T17:40:01","date_gmt":"2023-06-23T15:40:01","guid":{"rendered":"https:\/\/bisbalpenedes.com\/web\/?p=26097"},"modified":"2023-06-23T18:25:41","modified_gmt":"2023-06-23T16:25:41","slug":"la-regidora-judith-vidal-vilella-continuara-essent-la-primera-tinent-dalcaldessa","status":"publish","type":"post","link":"https:\/\/bisbalpenedes.com\/web\/2023\/06\/23\/la-regidora-judith-vidal-vilella-continuara-essent-la-primera-tinent-dalcaldessa\/","title":{"rendered":"La regidora Judith Vidal Vilella continuar\u00e0 essent la primera tinenta d\u2019alcaldessa"},"content":{"rendered":"\n<p>El Decret d\u2019alcaldia del 20 de juny va aprovar nomenar la regidora Judith Vidal Vilella com a primera i \u00fanica tinenta d\u2019alcaldessa.<\/p>\n\n\n\n<hr class=\"wp-block-separator has-alpha-channel-opacity\"\/>\n\n\n\n<p>El Decreto de alcald\u00eda del 20 de junio aprob\u00f3 nombrar a la concejala Judith Vidal Vilella primera y \u00fanica tenienta de alcaldesa. <\/p>\n","protected":false},"excerpt":{"rendered":"<p>El Decret d\u2019alcaldia del 20 de juny va aprovar nomenar la regidora Judith Vidal Vilella com a primera i \u00fanica tinenta d\u2019alcaldessa. El Decreto de alcald\u00eda del 20 de junio &hellip; <a href=\"https:\/\/bisbalpenedes.com\/web\/2023\/06\/23\/la-regidora-judith-vidal-vilella-continuara-essent-la-primera-tinent-dalcaldessa\/\" class=\"more-link\">Read More<\/a><\/p>\n","protected":false},"author":4,"featured_media":26098,"comment_status":"closed","ping_status":"closed","sticky":false,"template":"","format":"standard","meta":[],"categories":[2057,8],"tags":[459,393,6078],"_links":{"self":[{"href":"https:\/\/bisbalpenedes.com\/web\/wp-json\/wp\/v2\/posts\/26097"}],"collection":[{"href":"https:\/\/bisbalpenedes.com\/web\/wp-json\/wp\/v2\/posts"}],"about":[{"href":"https:\/\/bisbalpenedes.com\/web\/wp-json\/wp\/v2\/types\/post"}],"author":[{"embeddable":true,"href":"https:\/\/bisbalpenedes.com\/web\/wp-json\/wp\/v2\/users\/4"}],"replies":[{"embeddable":true,"href":"https:\/\/bisbalpenedes.com\/web\/wp-json\/wp\/v2\/comments?post=26097"}],"version-history":[{"count":4,"href":"https:\/\/bisbalpenedes.com\/web\/wp-json\/wp\/v2\/posts\/26097\/revisions"}],"predecessor-version":[{"id":26103,"href":"https:\/\/bisbalpenedes.com\/web\/wp-json\/wp\/v2\/posts\/26097\/revisions\/26103"}],"wp:featuredmedia":[{"embeddable":true,"href":"https:\/\/bisbalpenedes.com\/web\/wp-json\/wp\/v2\/media\/26098"}],"wp:attachment":[{"href":"https:\/\/bisbalpenedes.com\/web\/wp-json\/wp\/v2\/media?parent=26097"}],"wp:term":[{"taxonomy":"category","embeddable":true,"href":"https:\/\/bisbalpenedes.com\/web\/wp-json\/wp\/v2\/categories?post=26097"},{"taxonomy":"post_tag","embeddable":true,"href":"https:\/\/bisbalpenedes.com\/web\/wp-json\/wp\/v2\/tags?post=26097"}],"curies":[{"name":"wp","href":"https:\/\/api.w.org\/{rel}","templated":true}]}}