{"id":26091,"date":"2023-06-23T17:09:24","date_gmt":"2023-06-23T15:09:24","guid":{"rendered":"https:\/\/bisbalpenedes.com\/web\/?p=26091"},"modified":"2023-06-23T17:09:24","modified_gmt":"2023-06-23T15:09:24","slug":"lalcaldessa-agnes-ferre-ha-signat-el-decret-de-delegacio-de-competencies-als-regidors-i-regidores-de-lequip-de-govern","status":"publish","type":"post","link":"https:\/\/bisbalpenedes.com\/web\/2023\/06\/23\/lalcaldessa-agnes-ferre-ha-signat-el-decret-de-delegacio-de-competencies-als-regidors-i-regidores-de-lequip-de-govern\/","title":{"rendered":"L\u2019alcaldessa Agn\u00e8s Ferr\u00e9 ha signat el decret de delegaci\u00f3 de compet\u00e8ncies als regidors i regidores de l\u2019equip de govern"},"content":{"rendered":"\n<p>L\u2019alcaldessa Agn\u00e8s Ferr\u00e9 ha signat el Decret de nomenament de delegacions espec\u00edfiques als regidors i regidores de l\u2019equip de govern amb la finalitat de gestionar els assumptes i serveis determinats de l\u2019Ajuntament de la Bisbal del Pened\u00e8s.<\/p>\n\n\n\n<p>L\u2019administraci\u00f3 municipal de l\u2019Ajuntament de la Bisbal del Pened\u00e8s queda dividida en cinc \u00e0rees:<\/p>\n\n\n\n<p>1.-\u00c0rea de serveis centrals i hisenda<\/p>\n\n\n\n<p>2.-\u00c0rea de serveis b\u00e0sics<\/p>\n\n\n\n<p>3.-\u00c0rea de territori i urbanisme<\/p>\n\n\n\n<p>4.-\u00c0rea de serveis a les persones i promoci\u00f3 social<\/p>\n\n\n\n<p>5.-\u00c0rea de promoci\u00f3 econ\u00f2mica<\/p>\n\n\n\n<p>La distribuci\u00f3 de les diferents \u00e0rees entre els diferents membres de l\u2019equip de govern queda de la seg\u00fcent manera:<\/p>\n\n\n\n<p><strong>1.-\u00c0rea de serveis centrals i hisenda<\/strong><\/p>\n\n\n\n<p><strong>1.1.- Regidoria de serveis centrals:<\/strong><\/p>\n\n\n\n<p>Serveis inclosos: secretaria, contractaci\u00f3, recursos humans, inform\u00e0tica, transpar\u00e8ncia i comunicaci\u00f3.\u2028<\/p>\n\n\n\n<p>Regidora responsable: Sra. Agn\u00e8s Ferr\u00e9 Ca\u00f1ellas (Comprom\u00eds).<\/p>\n\n\n\n<p><strong>1.2.- Regidoria d&#8217;hisenda:<\/strong><\/p>\n\n\n\n<p>Serveis inclosos: intervenci\u00f3, tresoreria, facturaci\u00f3, recaptaci\u00f3 i comptabilitat.<\/p>\n\n\n\n<p>Regidora responsable: Sra. Agn\u00e8s Ferr\u00e9 Ca\u00f1ellas (Comprom\u00eds).<\/p>\n\n\n\n<p><strong>2.-\u00c0rea de serveis b\u00e0sics<\/strong><\/p>\n\n\n\n<p><strong>2.1.- Regidoria de seguretat ciutadana:<\/strong><strong>\u2028<\/strong><\/p>\n\n\n\n<p>Serveis inclosos: protecci\u00f3 ciutadana, vigil\u00e0ncia de la via p\u00fablica i de les instal\u00b7lacions municipals i seguretat vi\u00e0ria.<\/p>\n\n\n\n<p>Regidora responsable: Sra. S\u00edlvia Monfort Costa (ERC &#8211; AM).<\/p>\n\n\n\n<p><strong>2.2.-Regidoria de via p\u00fablica:<\/strong><\/p>\n\n\n\n<p>\ufeff\ufeffServeis inclosos: enllumenat p\u00fablic, equipaments de titularitat municipal, infraestructura vi\u00e0ria, parcs i jardins p\u00fablics, camins, franges forestals, neteja vi\u00e0ria i neteja de les instal\u00b7lacions municipals.\u2028<\/p>\n\n\n\n<p>Regidora responsable: Sra. Francisca Cepas Garc\u00eda (Comprom\u00eds).<\/p>\n\n\n\n<p><strong>2.3.- Regidoria del servei d&#8217;abastament d&#8217;aigua:<\/strong><strong>\u2028<\/strong><strong><\/strong><\/p>\n\n\n\n<p>Serveis inclosos: abastament i subministrament d&#8217;aigua potable i clavegueram.<\/p>\n\n\n\n<p>Regidora responsable: Sra. Agn\u00e8s Ferr\u00e9 Ca\u00f1ellas (Comprom\u00eds).<\/p>\n\n\n\n<p><strong>2.4.- Regidoria de residus:<\/strong><\/p>\n\n\n\n<p>Serveis inclosos: gesti\u00f3 dels residus s\u00f2lids urbans.<\/p>\n\n\n\n<p>Regidor responsable: Sr. Daniel Caballero Casta\u00f1o (PSC &#8211; Candidatura de progr\u00e9s).<\/p>\n\n\n\n<p><strong>2.5. &#8211; Regidoria de benestar animal:<\/strong><\/p>\n\n\n\n<p>\ufeff\ufeffServeis inclosos: protecci\u00f3 animal, cens d&#8217;animals de companyia, gesti\u00f3 de les llic\u00e8ncies de tinen\u00e7a de gossos potencialment perillosos, gesti\u00f3 de les col\u00f2nies felines, inspecci\u00f3 i vigil\u00e0ncia en mat\u00e8ria de benestar animal.<\/p>\n\n\n\n<p>\ufeff\ufeffRegidor responsable: Sr. Daniel Caballero Casta\u00f1o (PSC &#8211; Candidatura de progr\u00e9s).<\/p>\n\n\n\n<p><strong>3.-\u00c0rea de territori i urbanisme<\/strong><\/p>\n\n\n\n<p><strong>3.1.- Regidoria d&#8217;urbanisme i patrimoni:<\/strong><\/p>\n\n\n\n<p>\ufeff\ufeffServeis inclosos: planejament urban\u00edstic, gesti\u00f3 urban\u00edstica, disciplina urban\u00edstica, i protecci\u00f3 i gesti\u00f3 del patrimoni.<\/p>\n\n\n\n<p>\ufeff\ufeffRegidora responsable: Sra. Agn\u00e8s Ferr\u00e9 Ca\u00f1ellas (Comprom\u00eds).<\/p>\n\n\n\n<p><strong>3.2.- Regidoria d&#8217;habitatge:<\/strong><\/p>\n\n\n\n<p>\ufeff\ufeffServeis inclosos: planificaci\u00f3, programaci\u00f3 i gesti\u00f3 d&#8217;habitatge p\u00fablic, participaci\u00f3 en la planificaci\u00f3 del s\u00f2l municipal per a l&#8217;habitatge de protecci\u00f3 oficial, i promoci\u00f3 i gesti\u00f3 dels habitatges socials.<\/p>\n\n\n\n<p>\ufeff\ufeffRegidora responsable: Sra. Francisca Cepas Garc\u00eda (Comprom\u00eds).<\/p>\n\n\n\n<p><strong>3.3. &#8211; Regidoria de medi ambient:<\/strong><\/p>\n\n\n\n<p>\ufeff\ufeffServeis inclosos: qualitat ambiental (protecci\u00f3 contra la contaminaci\u00f3 ac\u00fastica, lum\u00ednica i atmosf\u00e8rica), intervenci\u00f3 ambiental, activitats inn\u00f2cues, protecci\u00f3 de la legalitat de medi ambient i d&#8217;activitats, i prevenci\u00f3 i extinci\u00f3 d&#8217;incendis.<\/p>\n\n\n\n<p>\ufeff\ufeffRegidora responsable: Sra. Judith Vidal Vilella (Comprom\u00eds).<\/p>\n\n\n\n<p><strong>3.4. &#8211; Regidoria de mobilitat:<\/strong><\/p>\n\n\n\n<p>\ufeff\ufeffServeis inclosos: tr\u00e0nsit, estacionament de vehicles, mobilitat i transport de viatgers.<\/p>\n\n\n\n<p>\ufeff\ufeffRegidora responsable: Sra. S\u00edlvia Monfort Costa (ERC &#8211; AM).<\/p>\n\n\n\n<p><strong>4.-\u00c0rea de serveis a les persones i promoci\u00f3 social<\/strong><\/p>\n\n\n\n<p><strong>4.1. &#8211; Regidoria de benestar social:<\/strong><\/p>\n\n\n\n<p>\ufeff\ufeffServeis inclosos: avaluaci\u00f3 i informaci\u00f3 de situacions de necessitat social, atenci\u00f3 immediata a persones en situaci\u00f3 de risc d&#8217;exclusi\u00f3 social, coordinaci\u00f3 amb el Consell Comarcal del Baix Pened\u00e8s en mat\u00e8ria de serveis socials, gesti\u00f3 de les prestacions d\u2019urg\u00e8ncia social i gesti\u00f3 del Rebost Solidari.<\/p>\n\n\n\n<p>\ufeff\ufeffRegidor responsable: Sr. Joan Gimeno Guasch (Comprom\u00eds).<\/p>\n\n\n\n<p><strong>4.2.- Regidoria de joventut i lleure:<\/strong><\/p>\n\n\n\n<p>\ufeff\ufeffServeis inclosos: informaci\u00f3 i assessorament als i les joves, gesti\u00f3 de la Cova jove, suport a les entitats juvenils, coordinaci\u00f3 amb Jove Baix Pened\u00e8s, gesti\u00f3 de l&#8217;escola de m\u00fasica, organitzaci\u00f3 dels casals d&#8217;estiu i de Nadal, i programaci\u00f3\u2028d&#8217;activitats de lleure.<\/p>\n\n\n\n<p>\ufeff\ufeffRegidor responsable: Sr. Joan Gimeno Guasch (Comprom\u00eds).<\/p>\n\n\n\n<p><strong>4.3.-Regidoria de la Gent Gran:<\/strong><\/p>\n\n\n\n<p>Serveis inclosos: promoci\u00f3 de l&#8217;envelliment actiu, programaci\u00f3 d&#8217;activitats de formaci\u00f3 i desenvolupament personal, gesti\u00f3 del Rac\u00f3 de la gent gran i coordinaci\u00f3 amb les associacions de gent gran.<\/p>\n\n\n\n<p>Regidora responsable: Sra. Francisca Cepas Garc\u00eda (Comprom\u00eds).<\/p>\n\n\n\n<p><strong>4.4. &#8211; Regidoria de feminismes i igualtat:<\/strong><\/p>\n\n\n\n<p>Serveis inclosos: promoci\u00f3 de la no discriminaci\u00f3 entre g\u00e8neres i la igualtat, impuls de programes i campanyes de sensibilitzaci\u00f3 i informaci\u00f3, foment de l&#8217;<em>empoderament <\/em>de les dones i prevenci\u00f3 de la viol\u00e8ncia de g\u00e8nere.\u2028<\/p>\n\n\n\n<p>Regidora responsable: Sra. Francisca Cepas Garc\u00eda (Comprom\u00eds).<\/p>\n\n\n\n<p><strong>4.5. &#8211; Regidoria de cultura:<\/strong><\/p>\n\n\n\n<p>\ufeff\ufeffServeis inclosos: promoci\u00f3 de la cultura i del patrimoni cultural, programaci\u00f3 d&#8217;activitats culturals, gesti\u00f3 dels equipaments culturals, biblioteca municipal.\u2028centre municipal de cultura i entitats culturals.<\/p>\n\n\n\n<p>\ufeff\ufeffRegidora responsable: Sra. Judith Vidal Vilella (Comprom\u00eds).<\/p>\n\n\n\n<p><strong>4.6.- Regidoria de festes:<\/strong><\/p>\n\n\n\n<p>\ufeff\ufeffServeis inclosos: organitzaci\u00f3 de les diferents festes populars del municipi, com ara les Festes dels barris i la Festa Major, i col\u00b7laboraci\u00f3 amb les entitats culturals i associacions de ve\u00efns i ve\u00efnes.<\/p>\n\n\n\n<p>\ufeff\ufeffRegidor responsable: Sr. Feliu Gil Esteve (Comprom\u00eds).<\/p>\n\n\n\n<p><strong>4.7.- Regidoria d&#8217;esports:<\/strong><strong>\u2028<\/strong><\/p>\n\n\n\n<p>Serveis inclosos: promoci\u00f3 de l&#8217;esport, programaci\u00f3 d&#8217;activitats esportives.<\/p>\n\n\n\n<p>Suport a les entitats esportives del municipi i gesti\u00f3 dels equipaments esportius.<\/p>\n\n\n\n<p>Regidor responsable: Sr. Joan Gimeno Guasch (Comprom\u00eds).<\/p>\n\n\n\n<p><strong>4.8. &#8211; Regidoria d&#8217;ensenyament:<\/strong><\/p>\n\n\n\n<p>\ufeff\ufeffServeis inclosos: col\u00b7laboraci\u00f3 amb les administracions educatives, projectes educatius, recursos de suport a la comunitat educativa, gesti\u00f3 de la llar d&#8217;infants municipal, gesti\u00f3 de l&#8217;escola d&#8217;idiomes, i manteniment i millora dels centres educatius del municipi.<\/p>\n\n\n\n<p>\ufeff\ufeffRegidor responsable: Sr. Daniel Caballero Casta\u00f1o (PSC &#8211; Candidatura de progr\u00e9s).<\/p>\n\n\n\n<p><strong>4.9.- Regidoria de salut p\u00fablica i cementiri:<\/strong><\/p>\n\n\n\n<p>Serveis inclosos: protecci\u00f3 i promoci\u00f3 de la salut, coordinaci\u00f3 del servei d\u2019ambul\u00e0ncies, pod\u00f2leg, control de plagues, control de les col\u00f2nies de coloms, control de la procession\u00e0ria, i manteniment i gesti\u00f3 del cementiri.\u2028<\/p>\n\n\n\n<p>Regidor responsable: Sr. Feliu Gil Esteve (Comprom\u00eds).<\/p>\n\n\n\n<p><strong>4.10. &#8211; Regidoria de barris:<\/strong><\/p>\n\n\n\n<p>Serveis inclosos: atenci\u00f3 i coordinaci\u00f3 amb les associacions de ve\u00efns i ve\u00efnes, detecci\u00f3 i avaluaci\u00f3 de necessitats dels barris, i impuls i propostes de millora d&#8217;infraestructures i serveis.<\/p>\n\n\n\n<p>Regidora responsable: Sra. Francisca Cepas Garc\u00eda (Comprom\u00eds).<\/p>\n\n\n\n<p><strong>4.11. Regidoria d\u2019atenci\u00f3 i participaci\u00f3 ciutadanes:<\/strong><\/p>\n\n\n\n<p>Serveis inclosos: atenci\u00f3 a la ciutadania, promoci\u00f3 de la participaci\u00f3 ciutadana, suport a l\u2019associacionisme, gesti\u00f3 i manteniment del Registre municipal d\u2019entitats i promoci\u00f3 dels pressupostos participatius.<\/p>\n\n\n\n<p>Regidor responsable: Sr. Feliu Gil Esteve (Comprom\u00eds).<\/p>\n\n\n\n<p><strong>5.\u00c0rea de promoci\u00f3 econ\u00f2mica<\/strong><\/p>\n\n\n\n<p><strong>5.1. &#8211; Regidoria d&#8217;agricultura:<\/strong><\/p>\n\n\n\n<p>Serveis inclosos: acompanyament i suport al sector agrari, i relaci\u00f3 amb els ens<\/p>\n\n\n\n<p>i empreses pertanyents a aquest.<\/p>\n\n\n\n<p>Regidora responsable: Sra. Judith Vidal Vilella (Comprom\u00eds).<\/p>\n\n\n\n<p><strong>5.2.- Regidoria d&#8217;empresa i ocupaci\u00f3:<\/strong><\/p>\n\n\n\n<p>Serveis inclosos: desenvolupament local, promoci\u00f3 de l&#8217;activitat econ\u00f2mica,<\/p>\n\n\n\n<p>suport al teixit productiu, emprenedoria i autoocupaci\u00f3, prospecci\u00f3 empresarial, orientaci\u00f3 laboral, intermediaci\u00f3 laboral, inserci\u00f3 laboral, borsa de treball i<\/p>\n\n\n\n<p>formaci\u00f3 ocupacional, a trav\u00e9s del Servei d&#8217;ocupaci\u00f3 municipal.<\/p>\n\n\n\n<p>Regidora responsable: Sra. Agn\u00e8s Ferr\u00e9 Ca\u00f1ellas (Comprom\u00eds).<\/p>\n\n\n\n<p><strong>5.3.- Regidoria de comer\u00e7 i turisme:<\/strong><\/p>\n\n\n\n<p>Serveis inclosos: organitzaci\u00f3 de fires i mercats, dinamitzaci\u00f3 del comer\u00e7 local, suport a la creaci\u00f3 de nous comer\u00e7os, promoci\u00f3 de l&#8217;activitat tur\u00edstica local, i coordinaci\u00f3 amb les diferents organitzacions del territori en mat\u00e8ria de comer\u00e7 i turisme.<\/p>\n\n\n\n<p>Regidora responsable: Sa. Judith Vidal Vilella (Comprom\u00eds).<\/p>\n\n\n\n<p><strong>CASTELLANO |<\/strong> La alcaldesa Agn\u00e8s Ferr\u00e9 ha firmado el Decreto de nombramiento de delegaciones espec\u00edficas a los concejales y concejalas del equipo de gobierno con la finalidad de gestionar los asuntos y servicios determinados del Ayuntamiento de la Bisbal del Pened\u00e8s.<\/p>\n\n\n\n<p>La administraci\u00f3n municipal del Ayuntamiento de la Bisbal del Pened\u00e8s queda dividida en cinco \u00e1reas:<\/p>\n\n\n\n<p>1.-\u00c1rea de servicios centrales y hacienda<\/p>\n\n\n\n<p>2.-\u00c1rea de servicios b\u00e1sicos<\/p>\n\n\n\n<p>3.-\u00c1rea de territorio y urbanismo<\/p>\n\n\n\n<p>4.-\u00c1rea de servicios a las personas y promoci\u00f3n social<\/p>\n\n\n\n<p>5.-\u00c1rea de promoci\u00f3n econ\u00f3mica<\/p>\n\n\n\n<p>La distribuci\u00f3n de las distintas \u00e1reas entre los distintos miembros del equipo de gobierno queda de la siguiente manera:<\/p>\n\n\n\n<p><strong>1.-\u00c1rea de servicios centrales y hacienda<\/strong><\/p>\n\n\n\n<p><strong>1.1.-Concejal\u00eda de servicios sociales<\/strong><\/p>\n\n\n\n<p>Servicios incluidos: secretar\u00eda, contrataci\u00f3n, recursos humanos, inform\u00e1tica, transparencia y comunicaci\u00f3n.<\/p>\n\n\n\n<p>Concejala responsable: Sra. Agn\u00e8s Ferr\u00e9 Ca\u00f1ellas (Comprom\u00eds)<\/p>\n\n\n\n<p><strong>1.2.-Concejal\u00eda de hacienda<\/strong><\/p>\n\n\n\n<p>Servicios incluidos: intervenci\u00f3n, tesorer\u00eda, facturaci\u00f3n, recaudaci\u00f3n y contabilidad.<\/p>\n\n\n\n<p>Concejala responsable: Sra. Agn\u00e8s Ferr\u00e9 Ca\u00f1ellas (Comprom\u00eds)<\/p>\n\n\n\n<p><strong>2.-\u00c1rea de servicios b\u00e1sicos<\/strong><\/p>\n\n\n\n<p><strong>2.1.-Concejal\u00eda de seguridad ciudadana:<\/strong><\/p>\n\n\n\n<p>Servicios incluidos: protecci\u00f3n ciudadana, vigilancia de la v\u00eda p\u00fablica y de las instalaciones municipales y seguridad vial.<\/p>\n\n\n\n<p>Concejala responsable: Sra. S\u00edlvia Monfort Costa (ERC-AM)<\/p>\n\n\n\n<p><strong>2.2.-Concejal\u00eda de v\u00eda p\u00fablica:<\/strong><\/p>\n\n\n\n<p>Servicios incluidos: alumbrado p\u00fablico, equipamientos de titularidad municipal, infraestructura vial, parques y jardines p\u00fablicos, caminos, franjas forestales, limpieza vial y limpieza de las instalaciones municipales.<\/p>\n\n\n\n<p>Concejala responsable: Sra. Francisca Cepas Garc\u00eda (Comprom\u00eds)<\/p>\n\n\n\n<p><strong>2.3.-Concejal\u00eda del servicio de abastecimiento de agua:<\/strong><\/p>\n\n\n\n<p>Servicios incluidos: abastecimiento y suministro de agua potable y alcantarillado.<\/p>\n\n\n\n<p>Concejala responsable: Sra. Agn\u00e8s Ferr\u00e9 Ca\u00f1ellas (Comprom\u00eds)<\/p>\n\n\n\n<p><strong>2.4.-Concejal\u00eda de residuos:<\/strong><\/p>\n\n\n\n<p>Servicios incluidos: gesti\u00f3n de residuos s\u00f3lidos urbanos<\/p>\n\n\n\n<p>Concejal responsable: Sr. Daniel Caballero Casta\u00f1o (PSC \u2013 Candidatura de progres)<\/p>\n\n\n\n<p><strong>2.5. Concejal\u00eda de bienestar animal:<\/strong><\/p>\n\n\n\n<p>Servicios incluidos: protecci\u00f3n animal, censo de animales de compa\u00f1\u00eda, gesti\u00f3n de las licencias de tenencia de perros potencialmente peligrosos, gesti\u00f3n de las colonias felinas, inspecci\u00f3n y vigilancia en materia de bienestar animal.<\/p>\n\n\n\n<p>Concejal responsable: Sr. Daniel Caballero Casta\u00f1o (PSC \u2013 Candidatura de progres).<\/p>\n\n\n\n<p><strong>3.-\u00c1rea de territorio y urbanismo<\/strong><\/p>\n\n\n\n<p><strong>3.1.-Concejal\u00eda de urbanismo y patrimonio:<\/strong><\/p>\n\n\n\n<p>Servicios incluidos: planeamiento urban\u00edstico, gesti\u00f3n urban\u00edstica, disciplina urban\u00edstica y protecci\u00f3n y gesti\u00f3n del patrimonio.<\/p>\n\n\n\n<p>Concejala responsable: Agn\u00e8s Ferr\u00e9 Ca\u00f1ellas (Comprom\u00eds)<\/p>\n\n\n\n<p><strong>3.2.-Concejal\u00eda de vivienda<\/strong><\/p>\n\n\n\n<p>Servicios incluidos: planificaci\u00f3n, programaci\u00f3n y gesti\u00f3n de la vivienda p\u00fablica, participaci\u00f3n en la planificaci\u00f3n del suelo municipal para la vivienda de protecci\u00f3n oficial, y promoci\u00f3n y gesti\u00f3n de las viviendas sociales.<\/p>\n\n\n\n<p>Concejala responsable: Sra. Francisca Cepas Garc\u00eda (Comprom\u00eds).<\/p>\n\n\n\n<p><strong>3.3.-Concejal\u00eda de medio ambiente:<\/strong><\/p>\n\n\n\n<p>Servicios incluidos: calidad ambiental (protecci\u00f3n contra la contaminaci\u00f3n ac\u00fastica, lum\u00ednica y atmosf\u00e9rica), intervenci\u00f3n ambiental, actividades innocuas, protecci\u00f3n de la legalidad de medio ambiente y actividades y prevenci\u00f3n y extinci\u00f3n de incendios.<\/p>\n\n\n\n<p>Concejala responsable: Sra. Judith Vidal Viellla (Comprom\u00eds)<\/p>\n\n\n\n<p><strong>3.4.-Concejal\u00eda de movilidad:<\/strong><\/p>\n\n\n\n<p>Servicios incluidos: tr\u00e1fico, estacionamiento de veh\u00edculos, movilidad y transporte de viajeros.<\/p>\n\n\n\n<p>Concejala responsable: Sra. S\u00edlvia Monfort Costa (ERC-AM).<\/p>\n\n\n\n<p><strong>\u00c1rea de servicios a las personas y promoci\u00f3n social<\/strong><\/p>\n\n\n\n<p><strong>4.1. Concejal\u00eda de bienestar social:<\/strong><\/p>\n\n\n\n<p>Servicios incluidos: evaluaci\u00f3n e informaci\u00f3n de situaciones de necesidad social, atenci\u00f3n inmediata a personas en situaci\u00f3n de riesgo de exclusi\u00f3n social, coordinaci\u00f3n con el Consell Comarcal del Baix Pened\u00e8s en materia de servicios sociales, gesti\u00f3n de las prestaciones de urgencia social y gesti\u00f3n del Rebost Solidari.<\/p>\n\n\n\n<p><strong>4.2.-Concejal\u00eda de Juventud y Ocio<\/strong><\/p>\n\n\n\n<p>Servicios incluidos: informaci\u00f3n y asesor\u00eda a los y las j\u00f3venes, gesti\u00f3n de la Cova Jove, apoyo a las entidades juveniles, coordinaci\u00f3n con Jove Baix Pened\u00e8s, gesti\u00f3n de la escuela de m\u00fasica, organizaci\u00f3n de los casales de verano y Navidad y programaci\u00f3n de actividades de ocio.<\/p>\n\n\n\n<p>Concejal Responsable: Sr. Joan Gimeno Guasch (Comprom\u00eds).<\/p>\n\n\n\n<p><strong>4.3.-Concejal\u00eda de la Gente Mayor:<\/strong><\/p>\n\n\n\n<p>Servicios incluidos: promoci\u00f3n del envejecimiento activo, programaci\u00f3n de actividades de formaci\u00f3n y desarrollo personal, gesti\u00f3n del Rac\u00f3 de la gent gran y coordinaci\u00f3n con las asociaciones de la gente mayor.<\/p>\n\n\n\n<p>Concejala responsable: Sra. Francisca Cepas Garc\u00eda (Comprom\u00eds).<\/p>\n\n\n\n<p><strong>4.4.-Concejal\u00eda de feminismos e igualdad:<\/strong><\/p>\n\n\n\n<p>Servicios incluidos: promoci\u00f3n de la no discriminaci\u00f3n entre g\u00e9neros y la igualdad, impulso de programas y campa\u00f1as de sensibilizaci\u00f3n e informaci\u00f3n, fomento del empoderamiento de las mujeres y prevenci\u00f3n de la violencia de g\u00e9nero.<\/p>\n\n\n\n<p>Concejala Responsable: Sra. Francisca Cepas Garc\u00eda (Comprom\u00eds)<\/p>\n\n\n\n<p><strong>4.5.-Concejal\u00eda de cultura:<\/strong><\/p>\n\n\n\n<p>Servicios incluidos: promoci\u00f3n de la cultura y del patrimonio cultural, programaci\u00f3n de actividades culturales, gesti\u00f3n de los equipamientos culturales, biblioteca municipal, centro municipal de cultura y entidades culturales.<\/p>\n\n\n\n<p>Concejala responsable: Sra. Judith Vidal Vilella (Comprom\u00eds).<\/p>\n\n\n\n<p><strong>4.6.-Concejal\u00eda de fiestas:<\/strong><\/p>\n\n\n\n<p>Servicios incluidos: organizaci\u00f3n de las distintas fiestas populares del municipio, como por ejemplo las Fiestas de los barrios y la Fiesta Mayor, y colaboraci\u00f3n con las entidades culturales y asociaciones de vecinos y vecinas.<\/p>\n\n\n\n<p>Concejal responsable: Sr. Feliu Gil Esteve (Comprom\u00eds)<\/p>\n\n\n\n<p><strong>4.7.-Concejal\u00eda de deportes:<\/strong><\/p>\n\n\n\n<p>Servicios incluidos: promoci\u00f3n del deporte, programaci\u00f3n de actividades deportivas. Apoyo a las entidades deportivas del municipio y gesti\u00f3n de los equipamientos deportivos.<\/p>\n\n\n\n<p>Concejal responsable: Sr. Joan Gimeno Gusch (Comprom\u00eds)<\/p>\n\n\n\n<p><strong>4.8.-Concejal\u00eda de educaci\u00f3n:<\/strong><\/p>\n\n\n\n<p>Servicios incluidos: colaboraci\u00f3n con las administraciones educativas, proyectos educativos, recursos de apoyo a la comunidad educativa, gesti\u00f3n de la guarder\u00eda municipal, gesti\u00f3n de la escuela de idiomas y mantenimiento y mejora de los centros educativos del municipio.<\/p>\n\n\n\n<p>Concejal responsable: Sr. Daniel Caballero Casta\u00f1o (PSC \u2013 Candidatura de progres)<\/p>\n\n\n\n<p><strong>4.9.-Concejal\u00eda de salud p\u00fablica y cementerio<\/strong><\/p>\n\n\n\n<p>Servicios incluidos: protecci\u00f3n y promoci\u00f3n de la salud, coordinaci\u00f3n del servicio de ambulancias, pod\u00f3logo, control de plagas, control de las colonias de palomas, control de la procesionaria y mantenimiento y gesti\u00f3n del cementerio.<\/p>\n\n\n\n<p>Concejal responsable: Sr. Feliu Gil Esteve<\/p>\n\n\n\n<p><strong>4.10.-Concejal\u00eda de barrios:<\/strong><\/p>\n\n\n\n<p>Servicios incluidos: atenci\u00f3n y coordinaci\u00f3n con las asociaciones de vecinos y vecinas, detecci\u00f3n y evaluaci\u00f3n de necesidades de los barrios e impulso y propuestas de mejora de infraestructuras y servicios.<\/p>\n\n\n\n<p>Concejala responsable: Sra. Francisca Cepas Garc\u00eda (Comprom\u00eds)<\/p>\n\n\n\n<p><strong>5.\u00c1rea de promoci\u00f3n econ\u00f3mica<\/strong><\/p>\n\n\n\n<p><strong>5.1.-Concejal\u00eda de agricultura<\/strong><\/p>\n\n\n\n<p>Servicios incluidos: acompa\u00f1amiento y apoyo al sector agrario y relaci\u00f3n con los entes y empresas pertenecientes a este.<\/p>\n\n\n\n<p>Concejala responsable: Sra. Judith Vidal Vilella (Comprom\u00eds).<\/p>\n\n\n\n<p><strong>5.2.Concejal\u00eda de empresa y ocupaci\u00f3n<\/strong><\/p>\n\n\n\n<p>Servicios incluidos: desarrollo local, promoci\u00f3n de la actividad econ\u00f3mica, apoyo al tejido productivo, emprendimiento y autoocupaci\u00f3n, prospecci\u00f3n empresarial, orientaci\u00f3n laboral, intermediaci\u00f3n laboral, inserci\u00f3n laboral, bolsa de trabajo y formaci\u00f3n ocupacional, a trav\u00e9s del Servicio de Ocupaci\u00f3n Municipal.<\/p>\n\n\n\n<p>Concejala responsable: Sra. Agn\u00e8s Ferr\u00e9 Ca\u00f1ellas (Comprom\u00eds).<\/p>\n\n\n\n<p><strong>5.3.Concejal\u00eda de comercio y turismo<\/strong><\/p>\n\n\n\n<p>Servicios incluidos: organizaci\u00f3n de ferias y mercados, dinamizaci\u00f3n del comercio local, apoyo a la creaci\u00f3n de nuevos comercios, promoci\u00f3n de la actividad tur\u00edstica local y coordinaci\u00f3n con las distintas organizaciones del territorio en materia de comercio y turismo.<\/p>\n\n\n\n<p>Concejala responsable: Sra. Judith Vidal Vilella (Comprom\u00eds).<\/p>\n","protected":false},"excerpt":{"rendered":"<p>L\u2019alcaldessa Agn\u00e8s Ferr\u00e9 ha signat el Decret de nomenament de delegacions espec\u00edfiques als regidors i regidores de l\u2019equip de govern amb la finalitat de gestionar els assumptes i serveis determinats &hellip; <a href=\"https:\/\/bisbalpenedes.com\/web\/2023\/06\/23\/lalcaldessa-agnes-ferre-ha-signat-el-decret-de-delegacio-de-competencies-als-regidors-i-regidores-de-lequip-de-govern\/\" class=\"more-link\">Read More<\/a><\/p>\n","protected":false},"author":4,"featured_media":26092,"comment_status":"closed","ping_status":"closed","sticky":false,"template":"","format":"standard","meta":[],"categories":[8],"tags":[1151,5688,1252,459,2241,6070,3309,6075,2128,6073,6074,6071,393,6072,6077,6076],"_links":{"self":[{"href":"https:\/\/bisbalpenedes.com\/web\/wp-json\/wp\/v2\/posts\/26091"}],"collection":[{"href":"https:\/\/bisbalpenedes.com\/web\/wp-json\/wp\/v2\/posts"}],"about":[{"href":"https:\/\/bisbalpenedes.com\/web\/wp-json\/wp\/v2\/types\/post"}],"author":[{"embeddable":true,"href":"https:\/\/bisbalpenedes.com\/web\/wp-json\/wp\/v2\/users\/4"}],"replies":[{"embeddable":true,"href":"https:\/\/bisbalpenedes.com\/web\/wp-json\/wp\/v2\/comments?post=26091"}],"version-history":[{"count":2,"href":"https:\/\/bisbalpenedes.com\/web\/wp-json\/wp\/v2\/posts\/26091\/revisions"}],"predecessor-version":[{"id":26188,"href":"https:\/\/bisbalpenedes.com\/web\/wp-json\/wp\/v2\/posts\/26091\/revisions\/26188"}],"wp:featuredmedia":[{"embeddable":true,"href":"https:\/\/bisbalpenedes.com\/web\/wp-json\/wp\/v2\/media\/26092"}],"wp:attachment":[{"href":"https:\/\/bisbalpenedes.com\/web\/wp-json\/wp\/v2\/media?parent=26091"}],"wp:term":[{"taxonomy":"category","embeddable":true,"href":"https:\/\/bisbalpenedes.com\/web\/wp-json\/wp\/v2\/categories?post=26091"},{"taxonomy":"post_tag","embeddable":true,"href":"https:\/\/bisbalpenedes.com\/web\/wp-json\/wp\/v2\/tags?post=26091"}],"curies":[{"name":"wp","href":"https:\/\/api.w.org\/{rel}","templated":true}]}}