{"id":26088,"date":"2023-06-23T16:12:23","date_gmt":"2023-06-23T14:12:23","guid":{"rendered":"https:\/\/bisbalpenedes.com\/web\/?p=26088"},"modified":"2023-06-23T16:15:05","modified_gmt":"2023-06-23T14:15:05","slug":"el-bar-del-local-social-de-can-gordei-romandra-tancat-fins-a-nou-avis-ladjudicataria-del-servei-ha-comunicat-que-no-continuara-amb-aquest","status":"publish","type":"post","link":"https:\/\/bisbalpenedes.com\/web\/2023\/06\/23\/el-bar-del-local-social-de-can-gordei-romandra-tancat-fins-a-nou-avis-ladjudicataria-del-servei-ha-comunicat-que-no-continuara-amb-aquest\/","title":{"rendered":"El bar del local social de Can Gordei romandr\u00e0 tancat fins a nou av\u00eds &#8211; L&#8217;adjudicat\u00e0ria del servei ha comunicat que no continuar\u00e0 amb aquest"},"content":{"rendered":"\n<p>Us informem que el bar de Can Gordei tanca les portes perqu\u00e8 l\u2019adjudicat\u00e0ria actual del servei ha comunicat que no continuar\u00e0 amb aquest. Per aquest motiu, l\u2019Ajuntament de la Bisbal del Pened\u00e8s procedir\u00e0 a fer els tr\u00e0mits corresponents perqu\u00e8 la persona que va quedar en segon lloc en la licitaci\u00f3 del 2022 pugui gestionar el servei.<\/p>\n\n\n\n<p>La pista i el parc infantil continuaran oberts de dilluns a divendres de 10 a 20h i els dissabtes i els diumenges de 10h a 18:30h.<\/p>\n\n\n\n<p>Disculpeu les mol\u00e8sties.<\/p>\n\n\n\n<hr class=\"wp-block-separator has-alpha-channel-opacity\"\/>\n\n\n\n<p><strong>CASTELLANO |<\/strong> Os informamos de que el bar de Can Gordei cierra sus puertas porque la adjudicataria actual del servicio ha comunicado que no continuar\u00e1 con el mismo. Por este motivo, el Ayuntamiento de la Bisbal del Pened\u00e8s proceder\u00e1 a hacer los tr\u00e1mites correspondientes para que la persona que qued\u00f3 en segundo lugar en la licitaci\u00f3n del 2022 pueda gestionar el servicio.<\/p>\n\n\n\n<p>La pista y el parque infantil continuar\u00e1n abiertos de lunes a viernes de 10 a 20h y los s\u00e1bados y los domingos de 10h a 18:30h.<\/p>\n\n\n\n<p>Disculpad las molestias.<\/p>\n","protected":false},"excerpt":{"rendered":"<p>Us informem que el bar de Can Gordei tanca les portes perqu\u00e8 l\u2019adjudicat\u00e0ria actual del servei ha comunicat que no continuar\u00e0 amb aquest. Per aquest motiu, l\u2019Ajuntament de la Bisbal &hellip; <a href=\"https:\/\/bisbalpenedes.com\/web\/2023\/06\/23\/el-bar-del-local-social-de-can-gordei-romandra-tancat-fins-a-nou-avis-ladjudicataria-del-servei-ha-comunicat-que-no-continuara-amb-aquest\/\" class=\"more-link\">Read More<\/a><\/p>\n","protected":false},"author":4,"featured_media":13645,"comment_status":"closed","ping_status":"closed","sticky":false,"template":"","format":"standard","meta":[],"categories":[8],"tags":[198,393,247,1374],"_links":{"self":[{"href":"https:\/\/bisbalpenedes.com\/web\/wp-json\/wp\/v2\/posts\/26088"}],"collection":[{"href":"https:\/\/bisbalpenedes.com\/web\/wp-json\/wp\/v2\/posts"}],"about":[{"href":"https:\/\/bisbalpenedes.com\/web\/wp-json\/wp\/v2\/types\/post"}],"author":[{"embeddable":true,"href":"https:\/\/bisbalpenedes.com\/web\/wp-json\/wp\/v2\/users\/4"}],"replies":[{"embeddable":true,"href":"https:\/\/bisbalpenedes.com\/web\/wp-json\/wp\/v2\/comments?post=26088"}],"version-history":[{"count":2,"href":"https:\/\/bisbalpenedes.com\/web\/wp-json\/wp\/v2\/posts\/26088\/revisions"}],"predecessor-version":[{"id":26090,"href":"https:\/\/bisbalpenedes.com\/web\/wp-json\/wp\/v2\/posts\/26088\/revisions\/26090"}],"wp:featuredmedia":[{"embeddable":true,"href":"https:\/\/bisbalpenedes.com\/web\/wp-json\/wp\/v2\/media\/13645"}],"wp:attachment":[{"href":"https:\/\/bisbalpenedes.com\/web\/wp-json\/wp\/v2\/media?parent=26088"}],"wp:term":[{"taxonomy":"category","embeddable":true,"href":"https:\/\/bisbalpenedes.com\/web\/wp-json\/wp\/v2\/categories?post=26088"},{"taxonomy":"post_tag","embeddable":true,"href":"https:\/\/bisbalpenedes.com\/web\/wp-json\/wp\/v2\/tags?post=26088"}],"curies":[{"name":"wp","href":"https:\/\/api.w.org\/{rel}","templated":true}]}}